{"id":96149,"date":"2025-01-26T22:57:40","date_gmt":"2025-01-26T22:57:40","guid":{"rendered":"https:\/\/tvbrazilusa.com\/2025\/01\/26\/ex-secretario-de-comunicacao-de-bolsonaro-agora-advogado-critica-vazamentos-de-delacao-de-mauro-cid\/"},"modified":"2025-01-26T22:57:42","modified_gmt":"2025-01-26T22:57:42","slug":"ex-secretario-de-comunicacao-de-bolsonaro-agora-advogado-critica-vazamentos-de-delacao-de-mauro-cid","status":"publish","type":"post","link":"https:\/\/tvbrazilusa.com\/pt\/2025\/01\/26\/ex-secretario-de-comunicacao-de-bolsonaro-agora-advogado-critica-vazamentos-de-delacao-de-mauro-cid\/","title":{"rendered":"Ex-Secret\u00e1rio de Comunica\u00e7\u00e3o de Bolsonaro, Agora Advogado, Cr\u00edtica Vazamentos de Dela\u00e7\u00e3o de Mauro Cid"},"content":{"rendered":"<p> <script async src=\"https:\/\/pagead2.googlesyndication.com\/pagead\/js\/adsbygoogle.js?client=ca-pub-8864793242727901\"\r\n     crossorigin=\"anonymous\"><\/script><br \/>\n<\/p>\n<div>\n<figure class=\"post-image\">\n<\/figure>\n<p>            <span style=\"font-size: 12px\">Sergio Lima\/Poder360<\/span><\/p>\n<p>            <!-- end metas --><br \/>\n            <!-- ADS --><\/p>\n<div id=\"taboola-read-more\" style=\"display:block; width:100%\">\n<p>Em uma declara\u00e7\u00e3o contundente no X, F\u00e1bio Wajngarten, que passou de ex-secret\u00e1rio de comunica\u00e7\u00e3o do governo de Jair Bolsonaro para seu advogado, demonstrou sua indigna\u00e7\u00e3o com os vazamentos seletivos relacionados \u00e0 dela\u00e7\u00e3o do ex-ajudante de ordens de Bolsonaro, o coronel do ex\u00e9rcito Mauro Cid.\n<\/p>\n<p>Wajngarten afirmou: &#8220;Vazamentos seletivos e n\u00e3o dar acesso \u00e0s defesas t\u00e9cnicas do que realmente consta nos autos ferem qualquer processo democr\u00e1tico. As revela\u00e7\u00f5es de hoje s\u00f3 endossam uma dela\u00e7\u00e3o encomendada e fabricada conforme o gosto do fregu\u00eas. Infelizmente meu amigo Cid peca em participar de um teatro viciado, de enredo e tem\u00e1tica \u00fanica, que ser\u00e1 desmontado por completo pelos competentes advogados dos envolvidos. Qualquer acarea\u00e7\u00e3o simples evidenciar\u00e1 o \u00f3bvio. A hist\u00f3ria de um lado s\u00f3 tem data de validade.&#8221;<\/p>\n<p>A cr\u00edtica de Wajngarten surge em um contexto onde a dela\u00e7\u00e3o de Mauro Cid tem sido amplamente discutida na m\u00eddia, levantando quest\u00f5es sobre a integridade do processo legal e a transpar\u00eancia das investiga\u00e7\u00f5es. Ele argumenta que os vazamentos seletivos n\u00e3o apenas prejudicam o devido processo legal mas tamb\u00e9m manipulam a percep\u00e7\u00e3o p\u00fablica sobre os fatos.\n<\/p>\n<p>A declara\u00e7\u00e3o de Wajngarten tamb\u00e9m sugere um questionamento sobre a credibilidade da dela\u00e7\u00e3o de Cid, implicando que a narrativa apresentada pode ser unilateral e potencialmente manipulada para atender a interesses espec\u00edficos. Ele enfatiza a necessidade de um confronto direto entre as partes envolvidas para esclarecer a verdade, indicando que uma acarea\u00e7\u00e3o poderia revelar discrep\u00e2ncias ou inconsist\u00eancias na vers\u00e3o apresentada por Cid.              <\/p>\n<\/div>\n<p>                        <!-- Scripts para conteudo --><\/p>\n<p>            <!-- .\/Scripts para conteudo --><br \/>\n            <!-- .\/Mat\u00e9ria --><\/p>\n<div class=\"row mt-3\">\n<div class=\"col-sm-6\">\n                <!-- Whatsapp channel 3--><br \/>\n                <a href=\"https:\/\/chat.whatsapp.com\/B8Qy6Erx4kb6yTzj3kaDco\" target=\"_blank\"><br \/>\n                  <img decoding=\"async\" src=\"https:\/\/diariodobrasilnoticias.com.br\/assets-site\/images\/bot_whatsapp.png\"\/><\/a>\n              <\/div>\n<div class=\"col-sm-6\">\n                <a href=\"https:\/\/t.me\/+_4gTmi5LKo03OTM5\" target=\"_blank\"><br \/>\n                  <img decoding=\"async\" src=\"https:\/\/diariodobrasilnoticias.com.br\/assets-site\/images\/bot_telegram.png\"\/><\/a>\n              <\/div>\n<\/p><\/div>\n<p>            <!-- end post-navigation --><\/p>\n<p>              <!-- end row --><\/p>\n<p>              <!-- end col-12-->\n                      <\/div>\n<p><br \/>\n<br \/><a href=\"https:\/\/diariodobrasilnoticias.com.br\/noticia\/ex-secretario-de-comunicacao-de-bolsonaro-agora-advogado-critica-vazamentos-de-delacao-de-mauro-cid-6796bc143817e\">Source link <\/a><\/p>","protected":false},"excerpt":{"rendered":"<p>Sergio Lima\/Poder360 Em uma declara\u00e7\u00e3o contundente no X, F\u00e1bio Wajngarten, que passou de ex-secret\u00e1rio de comunica\u00e7\u00e3o do governo de Jair Bolsonaro para seu advogado, demonstrou sua indigna\u00e7\u00e3o com os vazamentos&hellip;<\/p>","protected":false},"author":1,"featured_media":96150,"comment_status":"closed","ping_status":"open","sticky":false,"template":"","format":"standard","meta":{"content-type":"","footnotes":""},"categories":[16],"tags":[123,2448,5313,1267],"class_list":["post-96149","post","type-post","status-publish","format-standard","has-post-thumbnail","hentry","category-noticias","tag-brasil","tag-diario","tag-noticia","tag-noticias"],"_links":{"self":[{"href":"https:\/\/tvbrazilusa.com\/pt\/wp-json\/wp\/v2\/posts\/96149","targetHints":{"allow":["GET"]}}],"collection":[{"href":"https:\/\/tvbrazilusa.com\/pt\/wp-json\/wp\/v2\/posts"}],"about":[{"href":"https:\/\/tvbrazilusa.com\/pt\/wp-json\/wp\/v2\/types\/post"}],"author":[{"embeddable":true,"href":"https:\/\/tvbrazilusa.com\/pt\/wp-json\/wp\/v2\/users\/1"}],"replies":[{"embeddable":true,"href":"https:\/\/tvbrazilusa.com\/pt\/wp-json\/wp\/v2\/comments?post=96149"}],"version-history":[{"count":1,"href":"https:\/\/tvbrazilusa.com\/pt\/wp-json\/wp\/v2\/posts\/96149\/revisions"}],"predecessor-version":[{"id":96151,"href":"https:\/\/tvbrazilusa.com\/pt\/wp-json\/wp\/v2\/posts\/96149\/revisions\/96151"}],"wp:featuredmedia":[{"embeddable":true,"href":"https:\/\/tvbrazilusa.com\/pt\/wp-json\/wp\/v2\/media\/96150"}],"wp:attachment":[{"href":"https:\/\/tvbrazilusa.com\/pt\/wp-json\/wp\/v2\/media?parent=96149"}],"wp:term":[{"taxonomy":"category","embeddable":true,"href":"https:\/\/tvbrazilusa.com\/pt\/wp-json\/wp\/v2\/categories?post=96149"},{"taxonomy":"post_tag","embeddable":true,"href":"https:\/\/tvbrazilusa.com\/pt\/wp-json\/wp\/v2\/tags?post=96149"}],"curies":[{"name":"wp","href":"https:\/\/api.w.org\/{rel}","templated":true}]}}