{"id":96152,"date":"2025-01-26T23:09:27","date_gmt":"2025-01-26T23:09:27","guid":{"rendered":"https:\/\/tvbrazilusa.com\/2025\/01\/26\/gustavo-petro-solicita-reuniao-da-celac-e-insinua-insurgencia-contra-eua-com-aproximacao-a-china-e-russia\/"},"modified":"2025-01-26T23:09:28","modified_gmt":"2025-01-26T23:09:28","slug":"gustavo-petro-solicita-reuniao-da-celac-e-insinua-insurgencia-contra-eua-com-aproximacao-a-china-e-russia","status":"publish","type":"post","link":"https:\/\/tvbrazilusa.com\/pt\/2025\/01\/26\/gustavo-petro-solicita-reuniao-da-celac-e-insinua-insurgencia-contra-eua-com-aproximacao-a-china-e-russia\/","title":{"rendered":"Gustavo Petro Solicita Reuni\u00e3o da CELAC e Insinua Insurg\u00eancia Contra EUA com Aproxima\u00e7\u00e3o \u00e0 China e R\u00fassia"},"content":{"rendered":"<p> <script async src=\"https:\/\/pagead2.googlesyndication.com\/pagead\/js\/adsbygoogle.js?client=ca-pub-8864793242727901\"\r\n     crossorigin=\"anonymous\"><\/script><br \/>\n<\/p>\n<div id=\"taboola-read-more\" style=\"display:block; width:100%\">\n<p>Em um movimento que promete reconfigurar as din\u00e2micas geopol\u00edticas na Am\u00e9rica Latina, o presidente da Col\u00f4mbia, Gustavo Petro, solicitou uma reuni\u00e3o extraordin\u00e1ria da Comunidade de Estados Latino-Americanos e Caribenhos (CELAC) para discutir quest\u00f5es cruciais de migra\u00e7\u00e3o e o mercado de drogas. No entanto, as declara\u00e7\u00f5es de Petro foram al\u00e9m desses t\u00f3picos, sugerindo uma poss\u00edvel insurg\u00eancia contra os Estados Unidos e um alinhamento mais pr\u00f3ximo com pot\u00eancias como China e R\u00fassia.\n<\/p>\n<p>Petro, em sua declara\u00e7\u00e3o, criticou o que ele percebe como um &#8220;bloqueio&#8221; econ\u00f4mico e diplom\u00e1tico por parte dos Estados Unidos e expressou uma vis\u00e3o de resist\u00eancia e independ\u00eancia. Ele afirmou: &#8220;Se n\u00e3o nos querem no norte, o sul deve se unir&#8221;, indicando uma estrat\u00e9gia de fortalecimento dos la\u00e7os entre os pa\u00edses da Am\u00e9rica Latina e do Caribe, possivelmente como uma frente unificada contra as pol\u00edticas norte-americanas.<\/p>\n<p>A insatisfa\u00e7\u00e3o de Petro \u00e9 evidente em suas cr\u00edticas ao apoio que pa\u00edses como a Alemanha, Fran\u00e7a, a Uni\u00e3o Europeia, o Reino Unido, e especialmente os Estados Unidos, t\u00eam dado a a\u00e7\u00f5es que ele descreve como &#8220;genoc\u00eddio e bombardeamento de civis&#8221;, referindo-se ao conflito em Gaza. Esta cr\u00edtica serve como uma justificativa para sua postura de buscar alian\u00e7as alternativas.\n<\/p>\n<p>A proposta de Petro de aproximar a CELAC da China e da R\u00fassia n\u00e3o \u00e9 nova, mas ganha novos contornos em um contexto onde pa\u00edses latino-americanos est\u00e3o cada vez mais buscando diversificar suas parcerias econ\u00f4micas e diplom\u00e1ticas. A China, por exemplo, tem investido pesadamente na regi\u00e3o, especialmente atrav\u00e9s da iniciativa do Cintur\u00e3o e Rota, enquanto a R\u00fassia tem mantido alian\u00e7as estrat\u00e9gicas com alguns Estados, como Venezuela e Cuba.\n<\/p>\n<p>Durante a \u00faltima c\u00fapula da CELAC, houve discuss\u00f5es sobre a forma\u00e7\u00e3o de um &#8220;polo de poder&#8221; em oposi\u00e7\u00e3o ao dom\u00ednio ocidental, com l\u00edderes como Nicol\u00e1s Maduro da Venezuela e Miguel D\u00edaz-Canel de Cuba falando sobre a necessidade de um mundo multipolar, onde pa\u00edses como China e R\u00fassia teriam um papel mais proeminente.\n<\/p>\n<p>Petro, ao propor essa reuni\u00e3o, parece estar alinhando-se com esta vis\u00e3o de uma Am\u00e9rica Latina pr\u00f3-autorit\u00e1ria de pa\u00edses que tem regimes ditatoriais e que desdenham de democracias.              <\/p>\n<\/div>\n<p><br \/>\n<br \/><a href=\"https:\/\/diariodobrasilnoticias.com.br\/noticia\/gustavo-petro-solicita-reuniao-da-celac-e-insinua-insurgencia-contra-eua-com-aproximacao-a-china-e-russia-6796bd67b4796\">Source link <\/a><\/p>","protected":false},"excerpt":{"rendered":"<p>Em um movimento que promete reconfigurar as din\u00e2micas geopol\u00edticas na Am\u00e9rica Latina, o presidente da Col\u00f4mbia, Gustavo Petro, solicitou uma reuni\u00e3o extraordin\u00e1ria da Comunidade de Estados Latino-Americanos e Caribenhos (CELAC)&hellip;<\/p>","protected":false},"author":1,"featured_media":96153,"comment_status":"closed","ping_status":"open","sticky":false,"template":"","format":"standard","meta":{"content-type":"","footnotes":""},"categories":[16],"tags":[123,2448,5313,1267],"class_list":["post-96152","post","type-post","status-publish","format-standard","has-post-thumbnail","hentry","category-noticias","tag-brasil","tag-diario","tag-noticia","tag-noticias"],"_links":{"self":[{"href":"https:\/\/tvbrazilusa.com\/pt\/wp-json\/wp\/v2\/posts\/96152","targetHints":{"allow":["GET"]}}],"collection":[{"href":"https:\/\/tvbrazilusa.com\/pt\/wp-json\/wp\/v2\/posts"}],"about":[{"href":"https:\/\/tvbrazilusa.com\/pt\/wp-json\/wp\/v2\/types\/post"}],"author":[{"embeddable":true,"href":"https:\/\/tvbrazilusa.com\/pt\/wp-json\/wp\/v2\/users\/1"}],"replies":[{"embeddable":true,"href":"https:\/\/tvbrazilusa.com\/pt\/wp-json\/wp\/v2\/comments?post=96152"}],"version-history":[{"count":1,"href":"https:\/\/tvbrazilusa.com\/pt\/wp-json\/wp\/v2\/posts\/96152\/revisions"}],"predecessor-version":[{"id":96154,"href":"https:\/\/tvbrazilusa.com\/pt\/wp-json\/wp\/v2\/posts\/96152\/revisions\/96154"}],"wp:featuredmedia":[{"embeddable":true,"href":"https:\/\/tvbrazilusa.com\/pt\/wp-json\/wp\/v2\/media\/96153"}],"wp:attachment":[{"href":"https:\/\/tvbrazilusa.com\/pt\/wp-json\/wp\/v2\/media?parent=96152"}],"wp:term":[{"taxonomy":"category","embeddable":true,"href":"https:\/\/tvbrazilusa.com\/pt\/wp-json\/wp\/v2\/categories?post=96152"},{"taxonomy":"post_tag","embeddable":true,"href":"https:\/\/tvbrazilusa.com\/pt\/wp-json\/wp\/v2\/tags?post=96152"}],"curies":[{"name":"wp","href":"https:\/\/api.w.org\/{rel}","templated":true}]}}