{"id":96176,"date":"2025-01-27T00:23:01","date_gmt":"2025-01-27T00:23:01","guid":{"rendered":"https:\/\/tvbrazilusa.com\/2025\/01\/27\/com-bandeira-do-brasil-gustavo-lima-usa-musica\/"},"modified":"2025-01-27T00:23:02","modified_gmt":"2025-01-27T00:23:02","slug":"com-bandeira-do-brasil-gustavo-lima-usa-musica","status":"publish","type":"post","link":"https:\/\/tvbrazilusa.com\/pt\/2025\/01\/27\/com-bandeira-do-brasil-gustavo-lima-usa-musica\/","title":{"rendered":"Com Bandeira do Brasil , Gustavo lima usa musica"},"content":{"rendered":"<p> <script async src=\"https:\/\/pagead2.googlesyndication.com\/pagead\/js\/adsbygoogle.js?client=ca-pub-8864793242727901\"\r\n     crossorigin=\"anonymous\"><\/script><br \/>\n<\/p>\n<div id=\"taboola-read-more\" style=\"display:block; width:100%\">\n<p>Gusttavo Lima fez uma cr\u00edtica ao governo durante seu show realizado neste s\u00e1bado (26\/1) em Balne\u00e1rio Cambori\u00fa, Santa Catarina. Durante a m\u00fasica \u201cFicha Limpa\u201d, ele cantou um trecho espec\u00edfico da m\u00fasica apontando para a bandeira nacional.\n<\/p>\n<p>v\u00eddeo<a href=\"https:\/\/www.instagram.com\/reel\/DFToZB8Nwun\/?utm_source=ig_web_copy_link\">https:\/\/www.instagram.com\/reel\/DFToZB8Nwun\/?utm_source=ig_web_copy_link<\/a><\/p>\n<p>Com informa\u00e7\u00f5es leo dias              <\/p>\n<\/div>\n<p><script async src=\"\/\/www.instagram.com\/embed.js\"><\/script><br \/>\n<br \/><br \/>\n<br \/><a href=\"https:\/\/diariodobrasilnoticias.com.br\/noticia\/com-bandeira-do-brasil-gustavo-lima-usa-musica-ficha-limpa-como-critica-6796c1826e282\">Source link <\/a><\/p>","protected":false},"excerpt":{"rendered":"<p>Gusttavo Lima fez uma cr\u00edtica ao governo durante seu show realizado neste s\u00e1bado (26\/1) em Balne\u00e1rio Cambori\u00fa, Santa Catarina. Durante a m\u00fasica \u201cFicha Limpa\u201d, ele cantou um trecho espec\u00edfico da&hellip;<\/p>","protected":false},"author":1,"featured_media":96177,"comment_status":"closed","ping_status":"open","sticky":false,"template":"","format":"standard","meta":{"content-type":"","footnotes":""},"categories":[16],"tags":[123,2448,5313,1267],"class_list":["post-96176","post","type-post","status-publish","format-standard","has-post-thumbnail","hentry","category-noticias","tag-brasil","tag-diario","tag-noticia","tag-noticias"],"_links":{"self":[{"href":"https:\/\/tvbrazilusa.com\/pt\/wp-json\/wp\/v2\/posts\/96176","targetHints":{"allow":["GET"]}}],"collection":[{"href":"https:\/\/tvbrazilusa.com\/pt\/wp-json\/wp\/v2\/posts"}],"about":[{"href":"https:\/\/tvbrazilusa.com\/pt\/wp-json\/wp\/v2\/types\/post"}],"author":[{"embeddable":true,"href":"https:\/\/tvbrazilusa.com\/pt\/wp-json\/wp\/v2\/users\/1"}],"replies":[{"embeddable":true,"href":"https:\/\/tvbrazilusa.com\/pt\/wp-json\/wp\/v2\/comments?post=96176"}],"version-history":[{"count":1,"href":"https:\/\/tvbrazilusa.com\/pt\/wp-json\/wp\/v2\/posts\/96176\/revisions"}],"predecessor-version":[{"id":96178,"href":"https:\/\/tvbrazilusa.com\/pt\/wp-json\/wp\/v2\/posts\/96176\/revisions\/96178"}],"wp:featuredmedia":[{"embeddable":true,"href":"https:\/\/tvbrazilusa.com\/pt\/wp-json\/wp\/v2\/media\/96177"}],"wp:attachment":[{"href":"https:\/\/tvbrazilusa.com\/pt\/wp-json\/wp\/v2\/media?parent=96176"}],"wp:term":[{"taxonomy":"category","embeddable":true,"href":"https:\/\/tvbrazilusa.com\/pt\/wp-json\/wp\/v2\/categories?post=96176"},{"taxonomy":"post_tag","embeddable":true,"href":"https:\/\/tvbrazilusa.com\/pt\/wp-json\/wp\/v2\/tags?post=96176"}],"curies":[{"name":"wp","href":"https:\/\/api.w.org\/{rel}","templated":true}]}}