{"id":96185,"date":"2025-01-27T00:36:26","date_gmt":"2025-01-27T00:36:26","guid":{"rendered":"https:\/\/tvbrazilusa.com\/2025\/01\/27\/governo-biden-deportou-mais-de-3-mil-imigrantes-para-o-brasil-em-dois-anos\/"},"modified":"2025-01-27T00:36:28","modified_gmt":"2025-01-27T00:36:28","slug":"governo-biden-deportou-mais-de-3-mil-imigrantes-para-o-brasil-em-dois-anos","status":"publish","type":"post","link":"https:\/\/tvbrazilusa.com\/pt\/2025\/01\/27\/governo-biden-deportou-mais-de-3-mil-imigrantes-para-o-brasil-em-dois-anos\/","title":{"rendered":"Governo Biden deportou mais de 3 mil imigrantes para o Brasil em dois anos"},"content":{"rendered":"<p> <script async src=\"https:\/\/pagead2.googlesyndication.com\/pagead\/js\/adsbygoogle.js?client=ca-pub-8864793242727901\"\r\n     crossorigin=\"anonymous\"><\/script><br \/>\n<\/p>\n<div>\n<figure class=\"post-image\">\n<\/figure>\n<p>            <span style=\"font-size: 12px\">cnn Brasil<\/span><\/p>\n<p>            <!-- end metas --><br \/>\n            <!-- ADS --><\/p>\n<div id=\"taboola-read-more\" style=\"display:block; width:100%\">\n<p>O governo do ex-presidente Joe Biden deportou pelo menos 3660 pessoas de diversas nacionalidades para o Brasil entre os anos de 2023 e 2025, mostram dados da BH Airport, concession\u00e1ria respons\u00e1vel pelo aeroporto internacional de Confins, em Belo Horizonte.\n<\/p>\n<p>Segundo o levantamento, que aponta\u00a0<strong>os imigrantes recebidos pelo Brasil apenas pelo aeroporto de Belo Horizonte<\/strong>, em 2023 o governo americano deportou\u00a0<strong>1418 imigrantes ilegais<\/strong>\u00a0que chegaram ao pa\u00eds pela capital mineira. Em 2024, o n\u00famero subiu para\u00a0<strong>2142 pessoas<\/strong>. J\u00e1 em 2025, mesmo com o governo Biden se encerrando no dia 20 de janeiro, mais\u00a0<strong>100 imigrantes<\/strong>\u00a0foram deportados.\n<\/p>\n<p>Foram, no total,\u00a0<strong>32 voos<\/strong>\u00a0no per\u00edodo: 14 voos em 2023, 17 voos em 2024 e mais um voo em 2025. A distribui\u00e7\u00e3o dos deportados se deu da seguinte forma:\n<\/p>\n<h2>2023<\/h2>\n<ul>\n<li>27\/01 \u2013 voo da SwiftAir com 59 passageiros<\/li>\n<li>10\/03 \u2013 voo da SwiftAir com 88 passageiros<\/li>\n<li>17\/03 \u2013 voo da SwiftAir com 100 passageiros<\/li>\n<li>24\/03 \u2013 voo da SwiftAir com 104 passageiros<\/li>\n<li>14\/04 \u2013 voo da Omni Air com 125 passageiros<\/li>\n<li>19\/05 \u2013 voo da Eastern Airlines com 121 passageiros<\/li>\n<li>23\/06 \u2013 voo da Eastern Airlines com 134 passageiros<\/li>\n<li>21\/07 \u2013 voo da Kaiser Air com 122 passageiros<\/li>\n<li>04\/08 \u2013 voo da Eastern Airlines com 139 passageiros<\/li>\n<li>25\/08 \u2013 voo da Eastern Airlines com 94 passageiros<\/li>\n<li>15\/09 \u2013 voo da Global Crossing com 96 passageiros<\/li>\n<li>20\/10 \u2013 voo da Global Crossing com 113 passageiros<\/li>\n<li>17\/11 \u2013 voo da Global Crossing com 66 passageiros<\/li>\n<li>15\/12 \u2013 voo da Global Crossing com 54 passageiros<\/li>\n<\/ul>\n<h2>2024<\/h2>\n<ul>\n<li>26\/01 \u2013 voo da Global Crossing com 134 passageiros<\/li>\n<li>23\/02 \u2013 voo da Global Crossing com 83 passageiros<\/li>\n<li>22\/03 \u2013 voo da Global Crossing com 134 passageiros<\/li>\n<li>26\/04 \u2013 voo da Global Crossing com 102 passageiros<\/li>\n<li>31\/05 \u2013 voo da Global Crossing com 105 passageiros<\/li>\n<li>28\/06 \u2013 voo da Global Crossing com 100 passageiros<\/li>\n<li>26\/07 \u2013 voo da Global Crossing com 134 passageiros<\/li>\n<li>16\/08 \u2013 voo da Global Crossing com 160 passageiros<\/li>\n<li>30\/08 \u2013 voo da Global Crossing com 150 passageiros<\/li>\n<li>20\/09 \u2013 voo da Global Crossing com 152 passageiros<\/li>\n<li>04\/10 \u2013 voo da Global Crossing com 100 passageiros<\/li>\n<li>18\/10 \u2013 voo da Global Crossing com 100 passageiros<\/li>\n<li>01\/11 \u2013 voo da Global Crossing com 139 passageiros<\/li>\n<li>22\/11 \u2013 voo da Global Crossing com 154 passageiros<\/li>\n<li>06\/12 \u2013 voo da Global Crossing com 131 passageiros<\/li>\n<li>20\/12 \u2013 voo da Global Crossing com 134 passageiros<\/li>\n<li>21\/12 \u2013 voo da Global Crossing com 130 passageiros<\/li>\n<\/ul>\n<h2>2025<\/h2>\n<ul>\n<li>10\/01 \u2013 voo da Global Crossing com 100 passageiros<\/li>\n<\/ul>\n<h2>Apoio aos deportados<\/h2>\n<p>N\u00e3o h\u00e1 uma obrigatoriedade, por parte do governo federal, em dar apoio os deportados, segundo especialistas ouvidos pela CNN. Isso se d\u00e1 porque n\u00e3o s\u00e3o refugiados ou exilados pol\u00edticos.\n<\/p>\n<p>Al\u00e9m disso, n\u00e3o h\u00e1 um processo de repatria\u00e7\u00e3o, porque j\u00e1 s\u00e3o brasileiros. Geralmente, o governo apenas fornece condi\u00e7\u00f5es aos deportados para voltarem a sua terra natal. Os deportados de outras nacionalidades s\u00e3o encaminhados aos seus pa\u00edses de origem.\n<\/p>\n<p>informa\u00e7\u00f5es cnn brasil              <\/p>\n<\/div>\n<p>                        <!-- Scripts para conteudo --><\/p>\n<p>            <!-- .\/Scripts para conteudo --><br \/>\n            <!-- .\/Mat\u00e9ria --><\/p>\n<div class=\"row mt-3\">\n<div class=\"col-sm-6\">\n                <!-- Whatsapp channel 3--><br \/>\n                <a href=\"https:\/\/chat.whatsapp.com\/B8Qy6Erx4kb6yTzj3kaDco\" target=\"_blank\"><br \/>\n                  <img decoding=\"async\" src=\"https:\/\/diariodobrasilnoticias.com.br\/assets-site\/images\/bot_whatsapp.png\"\/><\/a>\n              <\/div>\n<div class=\"col-sm-6\">\n                <a href=\"https:\/\/t.me\/+_4gTmi5LKo03OTM5\" target=\"_blank\"><br \/>\n                  <img decoding=\"async\" src=\"https:\/\/diariodobrasilnoticias.com.br\/assets-site\/images\/bot_telegram.png\"\/><\/a>\n              <\/div>\n<\/p><\/div>\n<p>            <!-- end post-navigation --><\/p>\n<p>              <!-- end row --><\/p>\n<p>              <!-- end col-12-->\n                      <\/div>\n<p><br \/>\n<br \/><a href=\"https:\/\/diariodobrasilnoticias.com.br\/noticia\/governo-biden-deportou-mais-de-3-mil-imigrantes-para-o-brasil-em-dois-anos-6796c2ff089a9\">Source link <\/a><\/p>","protected":false},"excerpt":{"rendered":"<p>cnn Brasil O governo do ex-presidente Joe Biden deportou pelo menos 3660 pessoas de diversas nacionalidades para o Brasil entre os anos de 2023 e 2025, mostram dados da BH&hellip;<\/p>","protected":false},"author":1,"featured_media":96186,"comment_status":"closed","ping_status":"open","sticky":false,"template":"","format":"standard","meta":{"content-type":"","footnotes":""},"categories":[16],"tags":[123,2448,5313,1267],"class_list":["post-96185","post","type-post","status-publish","format-standard","has-post-thumbnail","hentry","category-noticias","tag-brasil","tag-diario","tag-noticia","tag-noticias"],"_links":{"self":[{"href":"https:\/\/tvbrazilusa.com\/pt\/wp-json\/wp\/v2\/posts\/96185","targetHints":{"allow":["GET"]}}],"collection":[{"href":"https:\/\/tvbrazilusa.com\/pt\/wp-json\/wp\/v2\/posts"}],"about":[{"href":"https:\/\/tvbrazilusa.com\/pt\/wp-json\/wp\/v2\/types\/post"}],"author":[{"embeddable":true,"href":"https:\/\/tvbrazilusa.com\/pt\/wp-json\/wp\/v2\/users\/1"}],"replies":[{"embeddable":true,"href":"https:\/\/tvbrazilusa.com\/pt\/wp-json\/wp\/v2\/comments?post=96185"}],"version-history":[{"count":1,"href":"https:\/\/tvbrazilusa.com\/pt\/wp-json\/wp\/v2\/posts\/96185\/revisions"}],"predecessor-version":[{"id":96187,"href":"https:\/\/tvbrazilusa.com\/pt\/wp-json\/wp\/v2\/posts\/96185\/revisions\/96187"}],"wp:featuredmedia":[{"embeddable":true,"href":"https:\/\/tvbrazilusa.com\/pt\/wp-json\/wp\/v2\/media\/96186"}],"wp:attachment":[{"href":"https:\/\/tvbrazilusa.com\/pt\/wp-json\/wp\/v2\/media?parent=96185"}],"wp:term":[{"taxonomy":"category","embeddable":true,"href":"https:\/\/tvbrazilusa.com\/pt\/wp-json\/wp\/v2\/categories?post=96185"},{"taxonomy":"post_tag","embeddable":true,"href":"https:\/\/tvbrazilusa.com\/pt\/wp-json\/wp\/v2\/tags?post=96185"}],"curies":[{"name":"wp","href":"https:\/\/api.w.org\/{rel}","templated":true}]}}