{"id":96200,"date":"2025-01-27T01:13:37","date_gmt":"2025-01-27T01:13:37","guid":{"rendered":"https:\/\/tvbrazilusa.com\/2025\/01\/27\/tumba-de-4-100-anos-de-medico-que-tratou-farao-e-descoberta-no-egito\/"},"modified":"2025-01-27T01:13:39","modified_gmt":"2025-01-27T01:13:39","slug":"tumba-de-4-100-anos-de-medico-que-tratou-farao-e-descoberta-no-egito","status":"publish","type":"post","link":"https:\/\/tvbrazilusa.com\/pt\/2025\/01\/27\/tumba-de-4-100-anos-de-medico-que-tratou-farao-e-descoberta-no-egito\/","title":{"rendered":"Tumba de 4.100 anos de m\u00e9dico que tratou fara\u00f3 \u00e9 descoberta no Egito"},"content":{"rendered":"<p> <script async src=\"https:\/\/pagead2.googlesyndication.com\/pagead\/js\/adsbygoogle.js?client=ca-pub-8864793242727901\"\r\n     crossorigin=\"anonymous\"><\/script><br \/>\n<\/p>\n<div>\n<figure class=\"post-image\">\n<\/figure>\n<p>            <span style=\"font-size: 12px\">olhar digital foto<\/span><\/p>\n<p>            <!-- end metas --><br \/>\n            <!-- ADS --><\/p>\n<div id=\"taboola-read-more\" style=\"display:block; width:100%\">\n<p>Uma importante descoberta arqueol\u00f3gica no\u00a0<a href=\"https:\/\/olhardigital.com.br\/tag\/egito\/\" target=\"_blank\" rel=\"noopener noreferrer\">Egito<\/a>\u00a0revelou a tumba de\u00a0<strong>Tetinebefou<\/strong>, um m\u00e9dico que teria tratado o pr\u00f3prio\u00a0<a href=\"https:\/\/olhardigital.com.br\/tag\/farao\/\" target=\"_blank\" rel=\"noopener noreferrer\">fara\u00f3<\/a>, com base em inscri\u00e7\u00f5es antigas. Localizada em Saqqara, um dos s\u00edtios arqueol\u00f3gicos mais conhecidos do pa\u00eds, a tumba tem 4.100 anos e, embora tenha sido saqueada ao longo dos s\u00e9culos, os arque\u00f3logos puderam analisar as\u00a0<strong>pinturas nas paredes<\/strong>\u00a0e as\u00a0<strong>inscri\u00e7\u00f5es hierogl\u00edficas<\/strong>\u00a0que fornecem detalhes sobre a vida e os t\u00edtulos do m\u00e9dico.\n<\/p>\n<p>De acordo com a equipe su\u00ed\u00e7o-francesa que fez a descoberta, Tetinebefou detinha o t\u00edtulo de\u00a0<strong>\u201cconjurador da deusa Serqet\u201d<\/strong>, o que indica que ele era um especialista em tratamentos para picadas de escorpi\u00f5es, j\u00e1 que essa deusa estava associada a esses animais. Al\u00e9m disso, as inscri\u00e7\u00f5es mencionam que ele ocupava posi\u00e7\u00f5es de destaque, como\u00a0<strong>diretor das plantas medicinais<\/strong>\u00a0e\u00a0<strong>chefe dos dentistas<\/strong>\u00a0da corte real, t\u00edtulos raramente encontrados em registros eg\u00edpcios.<\/p>\n<h2 id=\"h-a-importancia-de-tetinebefou-na-corte-real\" class=\"wp-block-heading\">A import\u00e2ncia de Tetinebefou na corte real<\/h2>\n<ul>\n<li>Os arque\u00f3logos acreditam que, devido \u00e0 sua posi\u00e7\u00e3o, Tetinebefou era um dos m\u00e9dicos mais importantes do Egito Antigo, possivelmente respons\u00e1vel pelos cuidados do pr\u00f3prio fara\u00f3.<\/li>\n<li>As\u00a0<strong>pinturas coloridas<\/strong>\u00a0na tumba retratam uma variedade de objetos, como vasos e\u00a0<strong>jornais<\/strong>, que poderiam ter sido utilizados em seus tratamentos m\u00e9dicos.<\/li>\n<li>A\u00a0<strong>vibrante paleta de cores<\/strong>\u00a0das pinturas, preservada ao longo de mil\u00eanios, surpreendeu os especialistas, que destacaram como as imagens ainda parecem\u00a0<strong>frescas<\/strong>\u00a0apesar da idade avan\u00e7ada da tumba.<\/li>\n<li>Embora o nome exato do fara\u00f3 que Tetinebefou atendeu n\u00e3o tenha sido identificado, \u00e9 poss\u00edvel que ele tenha servido durante o reinado de\u00a0<strong>Pepi II<\/strong>, que governou o Egito entre 2246 e 2152 a.C., ou de outros fara\u00f3s da mesma \u00e9poca.<\/li>\n<li>O per\u00edodo de Pepi II marcou o auge do\u00a0<strong>Antigo Imp\u00e9rio<\/strong>, mas tamb\u00e9m foi seguido pela fragmenta\u00e7\u00e3o do Egito, conhecida como o\u00a0<strong>Primeiro Per\u00edodo Intermedi\u00e1rio<\/strong>, onde governadores locais (nomarcas) passaram a exercer maior poder.<\/li>\n<li>\n<h3 id=\"h-analises-continuam-e-novas-descobertas-sao-esperadas\" class=\"wp-block-heading\">An\u00e1lises continuam e novas descobertas s\u00e3o esperadas<\/h3>\n<p>Apesar da falta de\u00a0<strong>restos humanos<\/strong>\u00a0na\u00a0<a href=\"https:\/\/olhardigital.com.br\/tag\/tumba\/\" target=\"_blank\" rel=\"noopener noreferrer\">tumba<\/a>, que foi saqueada em algum momento da hist\u00f3ria, os arque\u00f3logos continuam com a an\u00e1lise das inscri\u00e7\u00f5es e pinturas, esperando revelar mais detalhes sobre a vida e as pr\u00e1ticas m\u00e9dicas do Egito Antigo.\n<\/p>\n<div class=\"wp-block-image\">\n<figure class=\"aligncenter size-large\"><img fetchpriority=\"high\" decoding=\"async\" class=\"wp-image-1032005\" src=\"https:\/\/img.odcdn.com.br\/wp-content\/uploads\/2025\/01\/tumba-medico-farao-3-1024x576.jpg\" sizes=\"(max-width: 1024px) 100vw, 1024px\" srcset=\"https:\/\/img.odcdn.com.br\/wp-content\/uploads\/2025\/01\/tumba-medico-farao-3-1024x576.jpg 1024w, https:\/\/img.odcdn.com.br\/wp-content\/uploads\/2025\/01\/tumba-medico-farao-3-300x169.jpg 300w, https:\/\/img.odcdn.com.br\/wp-content\/uploads\/2025\/01\/tumba-medico-farao-3-768x432.jpg 768w, https:\/\/img.odcdn.com.br\/wp-content\/uploads\/2025\/01\/tumba-medico-farao-3-1536x864.jpg 1536w, https:\/\/img.odcdn.com.br\/wp-content\/uploads\/2025\/01\/tumba-medico-farao-3-1920x1080.jpg 1920w, https:\/\/img.odcdn.com.br\/wp-content\/uploads\/2025\/01\/tumba-medico-farao-3-150x84.jpg 150w, https:\/\/img.odcdn.com.br\/wp-content\/uploads\/2025\/01\/tumba-medico-farao-3.jpg 2000w\" alt=\"detalhes de tumba eg\u00edpcia\" width=\"1024\" height=\"576\"\/><figcaption class=\"wp-element-caption\">A tumba n\u00e3o continha restos mortais, com estes provavelmente tendo sido saqueados em algum momento da hist\u00f3ria (Imagem: Egyptian Ministry of Tourism and Antiquities via Live Science)<\/figcaption><\/figure>\n<\/div>\n<p>A descoberta da tumba de Tetinebefou \u00e9 um marco importante para o estudo da medicina antiga, especialmente no que diz respeito ao tratamento de picadas venenosas e \u00e0 presen\u00e7a de dentistas na corte real, uma pr\u00e1tica rara para a \u00e9poca\n<\/p>\n<\/li>\n<li>Com informa\u00e7\u00f5es olhar digital<\/li>\n<\/ul><\/div>\n<p>                        <!-- Scripts para conteudo --><\/p>\n<p>            <!-- .\/Scripts para conteudo --><br \/>\n            <!-- .\/Mat\u00e9ria --><\/p>\n<div class=\"row mt-3\">\n<div class=\"col-sm-6\">\n                <!-- Whatsapp channel 3--><br \/>\n                <a href=\"https:\/\/chat.whatsapp.com\/B8Qy6Erx4kb6yTzj3kaDco\" target=\"_blank\"><br \/>\n                  <img decoding=\"async\" src=\"https:\/\/diariodobrasilnoticias.com.br\/assets-site\/images\/bot_whatsapp.png\"\/><\/a>\n              <\/div>\n<div class=\"col-sm-6\">\n                <a href=\"https:\/\/t.me\/+_4gTmi5LKo03OTM5\" target=\"_blank\"><br \/>\n                  <img decoding=\"async\" src=\"https:\/\/diariodobrasilnoticias.com.br\/assets-site\/images\/bot_telegram.png\"\/><\/a>\n              <\/div>\n<\/p><\/div>\n<p>            <!-- end post-navigation --><\/p>\n<p>              <!-- end row --><\/p>\n<p>              <!-- end col-12-->\n                      <\/div>\n<p><br \/>\n<br \/><a href=\"https:\/\/diariodobrasilnoticias.com.br\/noticia\/tumba-de-4-100-anos-de-medico-que-tratou-farao-e-descoberta-no-egito-6796c7ac9491d\">Source link <\/a><\/p>","protected":false},"excerpt":{"rendered":"<p>olhar digital foto Uma importante descoberta arqueol\u00f3gica no\u00a0Egito\u00a0revelou a tumba de\u00a0Tetinebefou, um m\u00e9dico que teria tratado o pr\u00f3prio\u00a0fara\u00f3, com base em inscri\u00e7\u00f5es antigas. Localizada em Saqqara, um dos s\u00edtios arqueol\u00f3gicos&hellip;<\/p>","protected":false},"author":1,"featured_media":96201,"comment_status":"closed","ping_status":"open","sticky":false,"template":"","format":"standard","meta":{"content-type":"","footnotes":""},"categories":[16],"tags":[123,2448,5313,1267],"class_list":["post-96200","post","type-post","status-publish","format-standard","has-post-thumbnail","hentry","category-noticias","tag-brasil","tag-diario","tag-noticia","tag-noticias"],"_links":{"self":[{"href":"https:\/\/tvbrazilusa.com\/pt\/wp-json\/wp\/v2\/posts\/96200","targetHints":{"allow":["GET"]}}],"collection":[{"href":"https:\/\/tvbrazilusa.com\/pt\/wp-json\/wp\/v2\/posts"}],"about":[{"href":"https:\/\/tvbrazilusa.com\/pt\/wp-json\/wp\/v2\/types\/post"}],"author":[{"embeddable":true,"href":"https:\/\/tvbrazilusa.com\/pt\/wp-json\/wp\/v2\/users\/1"}],"replies":[{"embeddable":true,"href":"https:\/\/tvbrazilusa.com\/pt\/wp-json\/wp\/v2\/comments?post=96200"}],"version-history":[{"count":1,"href":"https:\/\/tvbrazilusa.com\/pt\/wp-json\/wp\/v2\/posts\/96200\/revisions"}],"predecessor-version":[{"id":96202,"href":"https:\/\/tvbrazilusa.com\/pt\/wp-json\/wp\/v2\/posts\/96200\/revisions\/96202"}],"wp:featuredmedia":[{"embeddable":true,"href":"https:\/\/tvbrazilusa.com\/pt\/wp-json\/wp\/v2\/media\/96201"}],"wp:attachment":[{"href":"https:\/\/tvbrazilusa.com\/pt\/wp-json\/wp\/v2\/media?parent=96200"}],"wp:term":[{"taxonomy":"category","embeddable":true,"href":"https:\/\/tvbrazilusa.com\/pt\/wp-json\/wp\/v2\/categories?post=96200"},{"taxonomy":"post_tag","embeddable":true,"href":"https:\/\/tvbrazilusa.com\/pt\/wp-json\/wp\/v2\/tags?post=96200"}],"curies":[{"name":"wp","href":"https:\/\/api.w.org\/{rel}","templated":true}]}}