{"id":96263,"date":"2025-01-27T10:58:45","date_gmt":"2025-01-27T10:58:45","guid":{"rendered":"https:\/\/tvbrazilusa.com\/2025\/01\/27\/para-comandar-a-fundacao-brasileira-de-teatro-dirigente-do-pt-oferece-uma-fazenda-que-nao-e-dele\/"},"modified":"2025-01-27T10:58:46","modified_gmt":"2025-01-27T10:58:46","slug":"para-comandar-a-fundacao-brasileira-de-teatro-dirigente-do-pt-oferece-uma-fazenda-que-nao-e-dele","status":"publish","type":"post","link":"https:\/\/tvbrazilusa.com\/pt\/2025\/01\/27\/para-comandar-a-fundacao-brasileira-de-teatro-dirigente-do-pt-oferece-uma-fazenda-que-nao-e-dele\/","title":{"rendered":"Para comandar a Funda\u00e7\u00e3o Brasileira de Teatro, dirigente do PT oferece uma fazenda que n\u00e3o \u00e9 dele"},"content":{"rendered":"<p> <script async src=\"https:\/\/pagead2.googlesyndication.com\/pagead\/js\/adsbygoogle.js?client=ca-pub-8864793242727901\"\r\n     crossorigin=\"anonymous\"><\/script><br \/>\n<\/p>\n<div id=\"taboola-read-more\" style=\"display:block; width:100%\">\n<p>Dirigente do PT de Bras\u00edlia e ex-aliado de Jos\u00e9 Dirceu, Fernando Nascimento da Silva Neto quer assumir a gest\u00e3o da Funda\u00e7\u00e3o Brasileira de Teatro (FBT), uma renomada institui\u00e7\u00e3o cultural em Bras\u00edlia. Como garantia, ele ofertou uma fazenda em \u00e1rea irregular no Estado do Amazonas, cujo propriet\u00e1rio nega qualquer tipo de negocia\u00e7\u00e3o.\n<\/p>\n<p>A fazenda em quest\u00e3o possui uma \u00e1rea que excede a de Florian\u00f3polis e fica em uma regi\u00e3o de conserva\u00e7\u00e3o ambiental. Apesar de Fernando Neto negar a proposta, documentos revelam uma minuta de contrato discutida com a FBT. As informa\u00e7\u00f5es s\u00e3o do jornal O Estado de S. Paulo.<\/p>\n<p>Em meio a imbr\u00f3glio com membro do PT, Funda\u00e7\u00e3o de Teatro enfrenta crise\n<\/p>\n<p>A FBT enfrenta uma grave crise financeira, com d\u00edvidas superiores a R$ 40 milh\u00f5es. O presidente da funda\u00e7\u00e3o, Gilberto Rios, confirmou ter tido reuni\u00f5es com Fernando Neto, mas afirmou desconhecer as suspeitas envolvendo a propriedade.\n<\/p>\n<p>Ainda segundo o Estad\u00e3o, o instituto de prote\u00e7\u00e3o ambiental do Amazonas suspendeu o Cadastro Ambiental Rural da fazenda por causa de irregularidades, como a sobreposi\u00e7\u00e3o em \u00e1reas de conserva\u00e7\u00e3o. Al\u00e9m disso, o Instituto Nacional de Coloniza\u00e7\u00e3o e Reforma Agr\u00e1ria (Incra) identificou problemas no registro da propriedade.\n<\/p>\n<p><strong>Problemas legais e associa\u00e7\u00f5es controversas de membro do PT<\/strong><br \/>Fernando Neto, que ocupou cargos de indica\u00e7\u00e3o pol\u00edtica e foi procurador do petista Jos\u00e9 Dirceu de 2018 a 2023, est\u00e1 associado ao Atualbank, que \u00e9 investigado por fraudes financeiras. Essa liga\u00e7\u00e3o levanta mais questionamentos sobre a transa\u00e7\u00e3o.\n<\/p>\n<p>O promotor de Justi\u00e7a Evandro Gomes, respons\u00e1vel pelos processos da FBT, mostrou cautela ao analisar a oferta de Fernando Neto. Ele destacou a necessidade de garantir que qualquer acordo seja seguro e vi\u00e1vel, considerando a import\u00e2ncia da FBT.\n<\/p>\n<p><strong>A import\u00e2ncia hist\u00f3rica da FBT<\/strong><br \/>A funda\u00e7\u00e3o atravessa um momento cr\u00edtico, e a oferta de Fernando Neto surge como uma potencial solu\u00e7\u00e3o. O advogado Claodemir Balotin, respons\u00e1vel pela \u00e1rea jur\u00eddica, informou que vai investigar as suspeitas internamente. A an\u00e1lise da proposta deve continuar enquanto as partes envolvidas buscam uma solu\u00e7\u00e3o que respeite a import\u00e2ncia cultural da FBT.\n<\/p>\n<p><strong>Futuro da FBT em jogo<\/strong><br \/>A situa\u00e7\u00e3o fiscal da FBT \u00e9 grave, com m\u00e1 gest\u00e3o e fraudes que levaram a entidade \u00e0 beira da fal\u00eancia. O espa\u00e7o, descrito como moderno e com 506 poltronas, \u00e9 um marco no teatro profissional de Bras\u00edlia. A decis\u00e3o sobre o futuro da FBT depende agora do Minist\u00e9rio P\u00fablico do Distrito Federal.\n<\/p>\n<p>Fonte: Revista Oeste              <\/p>\n<\/div>\n<p><br \/>\n<br \/><a href=\"https:\/\/diariodobrasilnoticias.com.br\/noticia\/para-comandar-a-fundacao-brasileira-de-teatro-dirigente-do-pt-oferece-uma-fazenda-que-nao-e-dele-67976643c0b0b\">Source link <\/a><\/p>","protected":false},"excerpt":{"rendered":"<p>Dirigente do PT de Bras\u00edlia e ex-aliado de Jos\u00e9 Dirceu, Fernando Nascimento da Silva Neto quer assumir a gest\u00e3o da Funda\u00e7\u00e3o Brasileira de Teatro (FBT), uma renomada institui\u00e7\u00e3o cultural em&hellip;<\/p>","protected":false},"author":1,"featured_media":96264,"comment_status":"closed","ping_status":"open","sticky":false,"template":"","format":"standard","meta":{"content-type":"","footnotes":""},"categories":[16],"tags":[123,2448,5313,1267],"class_list":["post-96263","post","type-post","status-publish","format-standard","has-post-thumbnail","hentry","category-noticias","tag-brasil","tag-diario","tag-noticia","tag-noticias"],"_links":{"self":[{"href":"https:\/\/tvbrazilusa.com\/pt\/wp-json\/wp\/v2\/posts\/96263","targetHints":{"allow":["GET"]}}],"collection":[{"href":"https:\/\/tvbrazilusa.com\/pt\/wp-json\/wp\/v2\/posts"}],"about":[{"href":"https:\/\/tvbrazilusa.com\/pt\/wp-json\/wp\/v2\/types\/post"}],"author":[{"embeddable":true,"href":"https:\/\/tvbrazilusa.com\/pt\/wp-json\/wp\/v2\/users\/1"}],"replies":[{"embeddable":true,"href":"https:\/\/tvbrazilusa.com\/pt\/wp-json\/wp\/v2\/comments?post=96263"}],"version-history":[{"count":1,"href":"https:\/\/tvbrazilusa.com\/pt\/wp-json\/wp\/v2\/posts\/96263\/revisions"}],"predecessor-version":[{"id":96265,"href":"https:\/\/tvbrazilusa.com\/pt\/wp-json\/wp\/v2\/posts\/96263\/revisions\/96265"}],"wp:featuredmedia":[{"embeddable":true,"href":"https:\/\/tvbrazilusa.com\/pt\/wp-json\/wp\/v2\/media\/96264"}],"wp:attachment":[{"href":"https:\/\/tvbrazilusa.com\/pt\/wp-json\/wp\/v2\/media?parent=96263"}],"wp:term":[{"taxonomy":"category","embeddable":true,"href":"https:\/\/tvbrazilusa.com\/pt\/wp-json\/wp\/v2\/categories?post=96263"},{"taxonomy":"post_tag","embeddable":true,"href":"https:\/\/tvbrazilusa.com\/pt\/wp-json\/wp\/v2\/tags?post=96263"}],"curies":[{"name":"wp","href":"https:\/\/api.w.org\/{rel}","templated":true}]}}