{"id":96269,"date":"2025-01-27T11:24:52","date_gmt":"2025-01-27T11:24:52","guid":{"rendered":"https:\/\/tvbrazilusa.com\/2025\/01\/27\/mec-adia-para-hoje-divulgacao-de-resultados-do-sisu\/"},"modified":"2025-01-27T11:24:56","modified_gmt":"2025-01-27T11:24:56","slug":"mec-adia-para-hoje-divulgacao-de-resultados-do-sisu","status":"publish","type":"post","link":"https:\/\/tvbrazilusa.com\/pt\/2025\/01\/27\/mec-adia-para-hoje-divulgacao-de-resultados-do-sisu\/","title":{"rendered":"MEC adia para hoje divulga\u00e7\u00e3o de resultados do Sisu"},"content":{"rendered":"<p> <script async src=\"https:\/\/pagead2.googlesyndication.com\/pagead\/js\/adsbygoogle.js?client=ca-pub-8864793242727901\"\r\n     crossorigin=\"anonymous\"><\/script><br \/>\n<\/p>\n<div data-block-type=\"unstyled\" data-block-weight=\"35\" data-block-id=\"22\">\n<p>Em comunicado divulgado no final da noite do domingo (27), o Minist\u00e9rio da Educa\u00e7\u00e3o (MEC) avisou que adiar\u00e1 a divulga\u00e7\u00e3o do Sistema de Sele\u00e7\u00e3o Unificada (Sisu) para esta segunda-feira (27). O hor\u00e1rio exato da divulga\u00e7\u00e3o n\u00e3o foi definido.\n<\/p>\n<p>O prazo inicial fornecido pelo MEC para a libera\u00e7\u00e3o dos resultados do Sisu expirou \u00e0s 23h59 do domingo.<\/p>\n<p>Veja a nota:\n<\/p>\n<p>O MEC informa que as equipes t\u00e9cnicas da Subsecretaria de Tecnologia da Informa\u00e7\u00e3o e Comunica\u00e7\u00e3o seguem trabalhando na finaliza\u00e7\u00e3o dos resultados do Sistema de Sele\u00e7\u00e3o Unificada (Sisu) 2025. A divulga\u00e7\u00e3o ocorrer\u00e1 ao longo desta segunda-feira, 27 de janeiro.\n<\/p>\n<p>Para consultar as listas de aprovados, o candidato precisar\u00e1 entrar no site do Sisu (https:\/\/acessounico.mec.gov.br\/sisu) e ficar atento \u00e0 primeira &#8220;caixinha&#8221; do cronograma.\n<\/p>\n<p>Alunos enfrentaram dificuldades para acessar a plataforma do MEC ao longo de todo o domingo por conta de instabilidades. Ao tentar encontrar a lista de classificados, os candidatos recebiam o aviso de que o acesso seria poss\u00edvel &#8220;em breve&#8221;.\n<\/p>\n<p>A demora na divulga\u00e7\u00e3o dos resultados repercutiu amplamente nas redes sociais, que n\u00e3o pouparam cr\u00edticas ao sistema do MEC.\n<\/p>\n<p class=\"content-text__container\" data-track-category=\"Link no Texto\" data-track-links=\"\" data-mrf-recirculation=\"Mat\u00e9ria - Links no Texto\">Assim como em 2024, o Sisu ter\u00e1 apenas uma edi\u00e7\u00e3o no ano. Com isso, a sele\u00e7\u00e3o de candidatos para o segundo semestre letivo de 2025 acontece nas mesmas datas da sele\u00e7\u00e3o para o primeiro semestre.\n<\/p>\n<\/div>\n<p><br \/>\n<br \/><a href=\"https:\/\/diariodobrasilnoticias.com.br\/noticia\/mec-adia-para-hoje-divulgacao-de-resultados-do-sisu-67975f53d0dd5\">Source link <\/a><\/p>","protected":false},"excerpt":{"rendered":"<p>Em comunicado divulgado no final da noite do domingo (27), o Minist\u00e9rio da Educa\u00e7\u00e3o (MEC) avisou que adiar\u00e1 a divulga\u00e7\u00e3o do Sistema de Sele\u00e7\u00e3o Unificada (Sisu) para esta segunda-feira (27).&hellip;<\/p>","protected":false},"author":1,"featured_media":96270,"comment_status":"closed","ping_status":"open","sticky":false,"template":"","format":"standard","meta":{"content-type":"","footnotes":""},"categories":[16],"tags":[123,2448,5313,1267],"class_list":["post-96269","post","type-post","status-publish","format-standard","has-post-thumbnail","hentry","category-noticias","tag-brasil","tag-diario","tag-noticia","tag-noticias"],"_links":{"self":[{"href":"https:\/\/tvbrazilusa.com\/pt\/wp-json\/wp\/v2\/posts\/96269","targetHints":{"allow":["GET"]}}],"collection":[{"href":"https:\/\/tvbrazilusa.com\/pt\/wp-json\/wp\/v2\/posts"}],"about":[{"href":"https:\/\/tvbrazilusa.com\/pt\/wp-json\/wp\/v2\/types\/post"}],"author":[{"embeddable":true,"href":"https:\/\/tvbrazilusa.com\/pt\/wp-json\/wp\/v2\/users\/1"}],"replies":[{"embeddable":true,"href":"https:\/\/tvbrazilusa.com\/pt\/wp-json\/wp\/v2\/comments?post=96269"}],"version-history":[{"count":1,"href":"https:\/\/tvbrazilusa.com\/pt\/wp-json\/wp\/v2\/posts\/96269\/revisions"}],"predecessor-version":[{"id":96271,"href":"https:\/\/tvbrazilusa.com\/pt\/wp-json\/wp\/v2\/posts\/96269\/revisions\/96271"}],"wp:featuredmedia":[{"embeddable":true,"href":"https:\/\/tvbrazilusa.com\/pt\/wp-json\/wp\/v2\/media\/96270"}],"wp:attachment":[{"href":"https:\/\/tvbrazilusa.com\/pt\/wp-json\/wp\/v2\/media?parent=96269"}],"wp:term":[{"taxonomy":"category","embeddable":true,"href":"https:\/\/tvbrazilusa.com\/pt\/wp-json\/wp\/v2\/categories?post=96269"},{"taxonomy":"post_tag","embeddable":true,"href":"https:\/\/tvbrazilusa.com\/pt\/wp-json\/wp\/v2\/tags?post=96269"}],"curies":[{"name":"wp","href":"https:\/\/api.w.org\/{rel}","templated":true}]}}