{"id":96329,"date":"2025-01-27T14:37:22","date_gmt":"2025-01-27T14:37:22","guid":{"rendered":"https:\/\/tvbrazilusa.com\/2025\/01\/27\/o-show-de-janja-custa-caro-aos-cofres-publicos\/"},"modified":"2025-01-27T14:37:24","modified_gmt":"2025-01-27T14:37:24","slug":"o-show-de-janja-custa-caro-aos-cofres-publicos","status":"publish","type":"post","link":"https:\/\/tvbrazilusa.com\/pt\/2025\/01\/27\/o-show-de-janja-custa-caro-aos-cofres-publicos\/","title":{"rendered":"O show de Janja custa caro aos cofres p\u00fablicos"},"content":{"rendered":"<p> <script async src=\"https:\/\/pagead2.googlesyndication.com\/pagead\/js\/adsbygoogle.js?client=ca-pub-8864793242727901\"\r\n     crossorigin=\"anonymous\"><\/script><br \/>\n<\/p>\n<div id=\"taboola-read-more\" style=\"display:block; width:100%\">\n<p class=\"styles__ParagraphStyled-sc-rhi54a-0 khoeNc\">&#8220;A despeito de sua import\u00e2ncia para a proje\u00e7\u00e3o internacional do Brasil e para chamar a aten\u00e7\u00e3o das na\u00e7\u00f5es mais desenvolvidas do mundo para os objetivos globais defendidos pelo governo, a realiza\u00e7\u00e3o da c\u00fapula do G-20 no Rio, em novembro do ano passado, serviu a um prop\u00f3sito mais prosaico no \u00e2mbito dom\u00e9stico. Mais uma vez, restou comprovada a vis\u00e3o patrimonialista que os petistas t\u00eam das empresas estatais. Para o presidente Lula da Silva, a primeira-dama Ros\u00e2ngela Silva, conhecida como Janja, e outros pr\u00f3ceres do PT, as estatais existem para atender aos interesses pol\u00edticos do governo, e n\u00e3o aos interesses estrat\u00e9gicos do Pa\u00eds.\n<\/p>\n<p class=\"styles__ParagraphStyled-sc-rhi54a-0 khoeNc\">Isso ficou evidente com a revela\u00e7\u00e3o, feita por este jornal, do modelo de financiamento do evento. Por meio da Lei de Acesso \u00e0 Informa\u00e7\u00e3o, o\u00a0Estad\u00e3o\u00a0obteve a \u00edntegra do contrato de coopera\u00e7\u00e3o firmado entre o Banco do Brasil (BB), a Caixa Econ\u00f4mica Federal (Caixa), o Banco Nacional de Desenvolvimento Econ\u00f4mico e Social (BNDES) e a Petrobras com a Organiza\u00e7\u00e3o dos Estados Ibero-americanos (OEI), entidade respons\u00e1vel pela organiza\u00e7\u00e3o da reuni\u00e3o no Brasil.<\/p>\n<p class=\"styles__ParagraphStyled-sc-rhi54a-0 khoeNc\">De acordo com o documento, as estatais doaram nada menos que R$ 83,45 milh\u00f5es para a realiza\u00e7\u00e3o da c\u00fapula do G-20 propriamente dita, para o G-20 Social e para o festival de m\u00fasica A\u00e7\u00e3o Global Contra a Fome e a Pobreza, que logo ganhou o apelido de &#8216;Janjapalooza&#8217; uma brincadeira com o nome do festival de m\u00fasica Lollapalooza que ironiza o grau de envolvimento da primeira-dama em uma festa que, antes de qualquer coisa, tinha o n\u00edtido prop\u00f3sito de promov\u00ea-la.\n<\/p>\n<p class=\"styles__ParagraphStyled-sc-rhi54a-0 khoeNc\">Pelos termos do acordo, cada uma daquelas estatais ficou respons\u00e1vel por doar at\u00e9 R$ 18,5 milh\u00f5es para cobrir as despesas da organiza\u00e7\u00e3o do G-20, do G-20 Social e do &#8216;Janjapalooza&#8217;. S\u00f3 a Petrobras informou que contribuiu &#8216;apenas&#8217;, digamos assim, com R$ 12,95 milh\u00f5es.\n<\/p>\n<p class=\"styles__ParagraphStyled-sc-rhi54a-0 khoeNc\">Embora n\u00e3o esteja entre as signat\u00e1rias do contrato com a OEI, a Itaipu Binacional \u2013 empresa na qual Janja trabalhou at\u00e9 se demitir para acompanhar os dias de c\u00e1rcere de Lula em Curitiba \u2013 doou outros R$ 15 milh\u00f5es para o evento, perfazendo os R$ 83,45 milh\u00f5es totais provenientes das empresas estatais, entre outros apoiadores da reuni\u00e3o, como a prefeitura do Rio, a \u00danica, o Banco Interamericano de Desenvolvimento (BID) e o Programa das Na\u00e7\u00f5es Unidas para o Desenvolvimento (Pnud).\n<\/p>\n<p class=\"styles__ParagraphStyled-sc-rhi54a-0 khoeNc\">Essa promiscuidade entre interesses privados e interesse p\u00fablico, t\u00e3o caracter\u00edstica do petismo, j\u00e1 seria imoral ainda que a entidade organizadora da c\u00fapula do G-20 e seus eventos paralelos fosse totalmente desvinculada do governo Lula da Silva e de Janja, em particular. Mas n\u00e3o \u00e9 o caso. O\u00a0Estad\u00e3o\u00a0apurou que a primeira-dama \u00e9 pr\u00f3xima da dire\u00e7\u00e3o da OEI, tendo, inclusive, recebido um convite para trabalhar na organiza\u00e7\u00e3o no in\u00edcio de 2023, pouco ap\u00f3s seu marido tomar posse como presidente da Rep\u00fablica. S\u00f3 a OEI recebeu R$ 5,4 milh\u00f5es por seus servi\u00e7os no G-20.\n<\/p>\n<p class=\"styles__ParagraphStyled-sc-rhi54a-0 khoeNc\">Al\u00e9m de a fonte dos recursos ser inapropriada, para dizer o m\u00ednimo, \u00e9 o caso de questionar a absurda soma envolvida. Por que a organiza\u00e7\u00e3o do G-20 Social e a do &#8216;Janjapalooza&#8217; custaram t\u00e3o caro aos contribuintes? Os documentos obtidos por este jornal revelam que s\u00f3 o &#8216;Janjapalooza&#8217;, evento no qual os artistas se apresentaram por &#8216;cach\u00eas simb\u00f3licos&#8217;, envolveu gastos de R$ 28,3 milh\u00f5es. Outros R$ 27,2 milh\u00f5es foram or\u00e7ados para o G-20 Social. Ou seja, os dois eventos paralelos \u00e0 c\u00fapula do G-20, nos quais Janja teve atua\u00e7\u00e3o destacad\u00edssima, custaram muito mais do que a pr\u00f3pria reuni\u00e3o de dezenas de chefes de Estado no Rio (R$ 13 milh\u00f5es).\n<\/p>\n<p class=\"styles__ParagraphStyled-sc-rhi54a-0 khoeNc\">Sob o benepl\u00e1cito do presidente da Rep\u00fablica, Janja fez da c\u00fapula do G-20, evento de import\u00e2ncia estrat\u00e9gica para o Brasil, uma vitrine para a promo\u00e7\u00e3o de interesses pessoais e partid\u00e1rios. Ademais, o desvio de foco e a submiss\u00e3o das dire\u00e7\u00f5es do BB, da Caixa, do BNDES, da Petrobras e de Itaipu Binacional ao governo de turno exp\u00f5em a renitente fragilidade da gest\u00e3o p\u00fablica no Pa\u00eds, que, ao que parece, se deixa degradar em prol de uma agenda pol\u00edtica particular.\n<\/p>\n<p class=\"styles__ParagraphStyled-sc-rhi54a-0 khoeNc\">O Brasil n\u00e3o merece a condena\u00e7\u00e3o perp\u00e9tua ao patrimonialismo que o aferra ao atraso. Merece um governo com responsabilidade e compromisso com o bem comum, n\u00e3o com a defesa de projetos pessoais, partid\u00e1rios ou ideol\u00f3gicos.\n<\/p>\n<p class=\"styles__ParagraphStyled-sc-rhi54a-0 khoeNc\">\u00a0\n<\/p>\n<p class=\"styles__ParagraphStyled-sc-rhi54a-0 khoeNc\">Fonte: TNH              <\/p>\n<\/div>\n<p><br \/>\n<br \/><a href=\"https:\/\/diariodobrasilnoticias.com.br\/noticia\/o-show-de-janja-custa-caro-aos-cofres-publicos-679797411d601\">Source link <\/a><\/p>","protected":false},"excerpt":{"rendered":"<p>&#8220;A despeito de sua import\u00e2ncia para a proje\u00e7\u00e3o internacional do Brasil e para chamar a aten\u00e7\u00e3o das na\u00e7\u00f5es mais desenvolvidas do mundo para os objetivos globais defendidos pelo governo, a&hellip;<\/p>","protected":false},"author":1,"featured_media":96330,"comment_status":"closed","ping_status":"open","sticky":false,"template":"","format":"standard","meta":{"content-type":"","footnotes":""},"categories":[16],"tags":[123,2448,5313,1267],"class_list":["post-96329","post","type-post","status-publish","format-standard","has-post-thumbnail","hentry","category-noticias","tag-brasil","tag-diario","tag-noticia","tag-noticias"],"_links":{"self":[{"href":"https:\/\/tvbrazilusa.com\/pt\/wp-json\/wp\/v2\/posts\/96329","targetHints":{"allow":["GET"]}}],"collection":[{"href":"https:\/\/tvbrazilusa.com\/pt\/wp-json\/wp\/v2\/posts"}],"about":[{"href":"https:\/\/tvbrazilusa.com\/pt\/wp-json\/wp\/v2\/types\/post"}],"author":[{"embeddable":true,"href":"https:\/\/tvbrazilusa.com\/pt\/wp-json\/wp\/v2\/users\/1"}],"replies":[{"embeddable":true,"href":"https:\/\/tvbrazilusa.com\/pt\/wp-json\/wp\/v2\/comments?post=96329"}],"version-history":[{"count":1,"href":"https:\/\/tvbrazilusa.com\/pt\/wp-json\/wp\/v2\/posts\/96329\/revisions"}],"predecessor-version":[{"id":96331,"href":"https:\/\/tvbrazilusa.com\/pt\/wp-json\/wp\/v2\/posts\/96329\/revisions\/96331"}],"wp:featuredmedia":[{"embeddable":true,"href":"https:\/\/tvbrazilusa.com\/pt\/wp-json\/wp\/v2\/media\/96330"}],"wp:attachment":[{"href":"https:\/\/tvbrazilusa.com\/pt\/wp-json\/wp\/v2\/media?parent=96329"}],"wp:term":[{"taxonomy":"category","embeddable":true,"href":"https:\/\/tvbrazilusa.com\/pt\/wp-json\/wp\/v2\/categories?post=96329"},{"taxonomy":"post_tag","embeddable":true,"href":"https:\/\/tvbrazilusa.com\/pt\/wp-json\/wp\/v2\/tags?post=96329"}],"curies":[{"name":"wp","href":"https:\/\/api.w.org\/{rel}","templated":true}]}}