{"id":96338,"date":"2025-01-27T15:05:21","date_gmt":"2025-01-27T15:05:21","guid":{"rendered":"https:\/\/tvbrazilusa.com\/2025\/01\/27\/7-feridos-depois-que-van-bate-no-carro-da-policia-estadual-na-cena-do-acidente-de-nj\/"},"modified":"2025-01-27T15:11:17","modified_gmt":"2025-01-27T15:11:17","slug":"7-feridos-depois-que-van-bate-no-carro-da-policia-estadual-na-cena-do-acidente-de-nj","status":"publish","type":"post","link":"https:\/\/tvbrazilusa.com\/pt\/2025\/01\/27\/7-feridos-depois-que-van-bate-no-carro-da-policia-estadual-na-cena-do-acidente-de-nj\/","title":{"rendered":"7 feridos depois que Van bate no carro da pol\u00edcia estadual na cena do acidente de NJ"},"content":{"rendered":"<script async src=\"https:\/\/pagead2.googlesyndication.com\/pagead\/js\/adsbygoogle.js?client=ca-pub-8864793242727901\"\r\n     crossorigin=\"anonymous\"><\/script>\n<div>\n<p class=\"article__paragraph article__paragraph--left\" id=\"EZGBLWP73FFUHDL2ZLSYC2A45A\">Sete pessoas foram hospitalizadas depois que uma van entrou em um carro da pol\u00edcia estadual de Nova Jersey estacionado no local de um acidente anterior no domingo no condado de Hunterdon, disseram as autoridades.<\/p>\n<p class=\"article__paragraph article__paragraph--left\" id=\"D4VYKFENX5G4BPWVE47NQC6FHM\">O carro da pol\u00edcia desacupado e marcado estava desviando o tr\u00e1fego pelo acidente na Interestadual 78 em Clinton Township por volta das 5h42 no domingo, quando a van atingiu o ve\u00edculo por tr\u00e1s, sargento da pol\u00edcia do estado. Jeffrey LeBron disse. <\/p>\n<p class=\"article__paragraph article__paragraph--left\" id=\"YTUGLOEVIJBDVNK4WPCRMAX7C4\">O motorista da van e seis passageiros foram levados para um hospital da \u00e1rea por les\u00f5es n\u00e3o amea\u00e7adoras da vida. O soldado designado para o carro colocava explos\u00f5es em torno do local do acidente anterior e n\u00e3o estava perto do carro da pol\u00edcia quando foi atingido, disse LeBron.<\/p>\n<p class=\"article__paragraph article__paragraph--left\" id=\"KI24JESRZ5APVPXIRGPYHCJ3PQ\">O carro da pol\u00edcia, que tinha suas luzes de emerg\u00eancia acesas, estava na pista central no lado leste, na milepost 18.4, quando foi atingido.<\/p>\n<p class=\"article__paragraph article__paragraph--left\" id=\"VVY2T52JAJDHBDZDU53C7EZVKU\">O acidente permaneceu sob investiga\u00e7\u00e3o no domingo \u00e0 tarde e nenhuma outra informa\u00e7\u00e3o foi divulgada.<\/p>\n<section class=\"Stories-By-Author-module_wrapper__ezbcK Stories-By-Author-module_nj__Ap1-Y\"\/>\n<p class=\"article__paragraph article__paragraph--left\" id=\"ZRQVYHPRPRBITNXLFAH5AWPK5Y\"><i>Obrigado por confiar em n\u00f3s para fornecer as not\u00edcias locais em que voc\u00ea pode confiar. Por favor, considere apoiar <\/i><a href=\"https:\/\/www.nj.com\/\"><i>Nj.com<\/i><\/a><i>  com uma assinatura.<\/i><\/p>\n<p class=\"article__paragraph article__paragraph--left\" id=\"G5AQXY7WIFGTFEEMJ73ULRWTAQ\"><a href=\"https:\/\/www.nj.com\/staff\/eric-conklin\/posts.html\"><i>Eric Conklin<\/i><\/a><i>  pode ser alcan\u00e7ado em <\/i><a href=\"https:\/\/www.nj.com\/hunterdon\/2025\/01\/mailto:econklin@njadvancemedia.com\"><i>econklin@njadvancemedia.com<\/i><\/a><i>.<\/i><\/p>\n<\/div>\n<p><br \/>\n<br \/><a href=\"https:\/\/www.nj.com\/hunterdon\/2025\/01\/7-injured-after-van-slams-into-state-police-car-at-nj-crash-scene.html\">Source link <\/a><\/p>","protected":false},"excerpt":{"rendered":"<p>Sete pessoas foram hospitalizadas depois que uma van entrou em um carro da pol\u00edcia estadual de Nova Jersey estacionado no local de um acidente anterior no domingo no condado de&hellip;<\/p>","protected":false},"author":1,"featured_media":96339,"comment_status":"closed","ping_status":"open","sticky":false,"template":"","format":"standard","meta":{"content-type":"","footnotes":""},"categories":[1],"tags":[],"class_list":["post-96338","post","type-post","status-publish","format-standard","has-post-thumbnail","hentry","category-uncategorized"],"_links":{"self":[{"href":"https:\/\/tvbrazilusa.com\/pt\/wp-json\/wp\/v2\/posts\/96338","targetHints":{"allow":["GET"]}}],"collection":[{"href":"https:\/\/tvbrazilusa.com\/pt\/wp-json\/wp\/v2\/posts"}],"about":[{"href":"https:\/\/tvbrazilusa.com\/pt\/wp-json\/wp\/v2\/types\/post"}],"author":[{"embeddable":true,"href":"https:\/\/tvbrazilusa.com\/pt\/wp-json\/wp\/v2\/users\/1"}],"replies":[{"embeddable":true,"href":"https:\/\/tvbrazilusa.com\/pt\/wp-json\/wp\/v2\/comments?post=96338"}],"version-history":[{"count":1,"href":"https:\/\/tvbrazilusa.com\/pt\/wp-json\/wp\/v2\/posts\/96338\/revisions"}],"predecessor-version":[{"id":96340,"href":"https:\/\/tvbrazilusa.com\/pt\/wp-json\/wp\/v2\/posts\/96338\/revisions\/96340"}],"wp:featuredmedia":[{"embeddable":true,"href":"https:\/\/tvbrazilusa.com\/pt\/wp-json\/wp\/v2\/media\/96339"}],"wp:attachment":[{"href":"https:\/\/tvbrazilusa.com\/pt\/wp-json\/wp\/v2\/media?parent=96338"}],"wp:term":[{"taxonomy":"category","embeddable":true,"href":"https:\/\/tvbrazilusa.com\/pt\/wp-json\/wp\/v2\/categories?post=96338"},{"taxonomy":"post_tag","embeddable":true,"href":"https:\/\/tvbrazilusa.com\/pt\/wp-json\/wp\/v2\/tags?post=96338"}],"curies":[{"name":"wp","href":"https:\/\/api.w.org\/{rel}","templated":true}]}}