{"id":96344,"date":"2025-01-27T15:28:53","date_gmt":"2025-01-27T15:28:53","guid":{"rendered":"https:\/\/tvbrazilusa.com\/2025\/01\/27\/video-postado-por-professora-universitaria-com-mencao-pejorativa-a-jesus-irrita-cristaos-veja-video\/"},"modified":"2025-01-27T15:28:54","modified_gmt":"2025-01-27T15:28:54","slug":"video-postado-por-professora-universitaria-com-mencao-pejorativa-a-jesus-irrita-cristaos-veja-video","status":"publish","type":"post","link":"https:\/\/tvbrazilusa.com\/pt\/2025\/01\/27\/video-postado-por-professora-universitaria-com-mencao-pejorativa-a-jesus-irrita-cristaos-veja-video\/","title":{"rendered":"V\u00eddeo postado por professora universit\u00e1ria com men\u00e7\u00e3o pejorativa a Jesus irrita crist\u00e3os; VEJA V\u00cdDEO"},"content":{"rendered":"<p> <script async src=\"https:\/\/pagead2.googlesyndication.com\/pagead\/js\/adsbygoogle.js?client=ca-pub-8864793242727901\"\r\n     crossorigin=\"anonymous\"><\/script><br \/>\n<\/p>\n<div id=\"taboola-read-more\" style=\"display:block; width:100%\">\n<p>Um v\u00eddeo publicado por uma professora universit\u00e1ria, no qual ela faz uma men\u00e7\u00e3o pejorativa a Jesus, gerou grande indigna\u00e7\u00e3o entre grupos crist\u00e3os.\u00a0A rea\u00e7\u00e3o foi imediata, com diversas pessoas e organiza\u00e7\u00f5es religiosas expressando seu desagrado, acusando a professora de desrespeitar a f\u00e9 crist\u00e3 e incitar o desd\u00e9m por figuras religiosas centrais.\n<\/p>\n<p>ASSISTA:<\/p>\n<p>Fonte: Reprodu\u00e7\u00e3o\/redes sociais              <\/p>\n<\/div>\n<p><br \/>\n<br \/><a href=\"https:\/\/diariodobrasilnoticias.com.br\/noticia\/video-postado-por-professora-universitaria-com-mencao-pejorativa-a-jesus-irrita-cristaos-veja-video-67978665c634a\">Source link <\/a><\/p>","protected":false},"excerpt":{"rendered":"<p>Um v\u00eddeo publicado por uma professora universit\u00e1ria, no qual ela faz uma men\u00e7\u00e3o pejorativa a Jesus, gerou grande indigna\u00e7\u00e3o entre grupos crist\u00e3os.\u00a0A rea\u00e7\u00e3o foi imediata, com diversas pessoas e organiza\u00e7\u00f5es&hellip;<\/p>","protected":false},"author":1,"featured_media":96345,"comment_status":"closed","ping_status":"open","sticky":false,"template":"","format":"standard","meta":{"content-type":"","footnotes":""},"categories":[16],"tags":[123,2448,5313,1267],"class_list":["post-96344","post","type-post","status-publish","format-standard","has-post-thumbnail","hentry","category-noticias","tag-brasil","tag-diario","tag-noticia","tag-noticias"],"_links":{"self":[{"href":"https:\/\/tvbrazilusa.com\/pt\/wp-json\/wp\/v2\/posts\/96344","targetHints":{"allow":["GET"]}}],"collection":[{"href":"https:\/\/tvbrazilusa.com\/pt\/wp-json\/wp\/v2\/posts"}],"about":[{"href":"https:\/\/tvbrazilusa.com\/pt\/wp-json\/wp\/v2\/types\/post"}],"author":[{"embeddable":true,"href":"https:\/\/tvbrazilusa.com\/pt\/wp-json\/wp\/v2\/users\/1"}],"replies":[{"embeddable":true,"href":"https:\/\/tvbrazilusa.com\/pt\/wp-json\/wp\/v2\/comments?post=96344"}],"version-history":[{"count":1,"href":"https:\/\/tvbrazilusa.com\/pt\/wp-json\/wp\/v2\/posts\/96344\/revisions"}],"predecessor-version":[{"id":96346,"href":"https:\/\/tvbrazilusa.com\/pt\/wp-json\/wp\/v2\/posts\/96344\/revisions\/96346"}],"wp:featuredmedia":[{"embeddable":true,"href":"https:\/\/tvbrazilusa.com\/pt\/wp-json\/wp\/v2\/media\/96345"}],"wp:attachment":[{"href":"https:\/\/tvbrazilusa.com\/pt\/wp-json\/wp\/v2\/media?parent=96344"}],"wp:term":[{"taxonomy":"category","embeddable":true,"href":"https:\/\/tvbrazilusa.com\/pt\/wp-json\/wp\/v2\/categories?post=96344"},{"taxonomy":"post_tag","embeddable":true,"href":"https:\/\/tvbrazilusa.com\/pt\/wp-json\/wp\/v2\/tags?post=96344"}],"curies":[{"name":"wp","href":"https:\/\/api.w.org\/{rel}","templated":true}]}}