{"id":96383,"date":"2025-01-27T19:31:21","date_gmt":"2025-01-27T19:31:21","guid":{"rendered":"https:\/\/tvbrazilusa.com\/2025\/01\/27\/grupo-bilionario-obtem-permissao-do-governo-lula-para-atuar-em-terras-indigenas-sem-licitacao\/"},"modified":"2025-01-27T19:31:22","modified_gmt":"2025-01-27T19:31:22","slug":"grupo-bilionario-obtem-permissao-do-governo-lula-para-atuar-em-terras-indigenas-sem-licitacao","status":"publish","type":"post","link":"https:\/\/tvbrazilusa.com\/pt\/2025\/01\/27\/grupo-bilionario-obtem-permissao-do-governo-lula-para-atuar-em-terras-indigenas-sem-licitacao\/","title":{"rendered":"Grupo bilion\u00e1rio obt\u00e9m permiss\u00e3o do governo Lula para atuar em terras ind\u00edgenas sem licita\u00e7\u00e3o"},"content":{"rendered":"<p> <script async src=\"https:\/\/pagead2.googlesyndication.com\/pagead\/js\/adsbygoogle.js?client=ca-pub-8864793242727901\"\r\n     crossorigin=\"anonymous\"><\/script><br \/>\n<\/p>\n<div id=\"taboola-read-more\" style=\"display:block; width:100%\">\n<p>O Minist\u00e9rio dos Povos Ind\u00edgenas do governo Luiz In\u00e1cio Lula da Silva firmou um memorando de entendimento com a multinacional Ambipar. O acordo concede ao grupo bilion\u00e1rio a gest\u00e3o de servi\u00e7os em terras ind\u00edgenas no Brasil que abrangem aproximadamente 1 milh\u00e3o de quil\u00f4metros quadrados. Essa \u00e1rea representa 14% do territ\u00f3rio nacional.\n<\/p>\n<p>De acordo com informa\u00e7\u00f5es publicadas no site do jornalista Cl\u00e1udio Dantas, o documento foi assinado em Davos, na Su\u00ed\u00e7a, sem nenhuma consulta p\u00fablica nem processo de licita\u00e7\u00e3o e sem a an\u00e1lise do Congresso Nacional.<\/p>\n<p><strong>Veja neste v\u00eddeo o que denuncia do jornalista nas redes sociais:<\/strong>\n<\/p>\n<p>A Ambipar est\u00e1 se expandindo rapidamente no pa\u00eds. Sua atua\u00e7\u00e3o ocorre no setor de pr\u00e1ticas ambientais, sociais e de governan\u00e7a. A atividade principal da companhia inclui o arrendamento de florestas naturais de terceiros para fornecer cr\u00e9ditos de carbono a setores como agricultura e minera\u00e7\u00e3o.\n<\/p>\n<p><strong>Detalhes do acordo e objetivos do governo Lula<\/strong><br \/>Em entrevista \u00e0 CNN, Soraya Pires, head de Carbon Solutions da Ambipar, afirmou que \u201co acordo com o Minist\u00e9rio dos Povos Ind\u00edgenas prev\u00ea atua\u00e7\u00e3o em diferentes frentes: capacita\u00e7\u00e3o de brigadas ind\u00edgenas para combater inc\u00eandios; destina\u00e7\u00e3o de res\u00edduos s\u00f3lidos produzidos pelas aldeias; e amplia\u00e7\u00e3o do monitoramento das reservas\u201d.\n<\/p>\n<p>O documento foi assinado por Luiz Henrique Eloy Amado, secret\u00e1rio-executivo do Minist\u00e9rio dos Povos Ind\u00edgenas. Cr\u00edticas surgiram quanto \u00e0 sua capacidade de representa\u00e7\u00e3o, pois ele n\u00e3o possui mandato de porta-voz dos povos ind\u00edgenas. Al\u00e9m disso, n\u00e3o h\u00e1 legisla\u00e7\u00e3o que conceda a ele o poder de autorizar a explora\u00e7\u00e3o de servi\u00e7os nessas terras.\n<\/p>\n<p><strong>Controv\u00e9rsias e apelos \u00e0 interven\u00e7\u00e3o<\/strong><br \/>A assinatura do acordo sem licita\u00e7\u00e3o, consulta p\u00fablica nem an\u00e1lise parlamentar levanta preocupa\u00e7\u00f5es sobre sua transpar\u00eancia e legalidade. H\u00e1 um apelo para que o Congresso Nacional, o Tribunal de Contas da Uni\u00e3o e o Minist\u00e9rio P\u00fablico intervenham e revisem o acordo.\n<\/p>\n<p>Al\u00e9m disso, lideran\u00e7as ind\u00edgenas e organiza\u00e7\u00f5es de direitos humanos s\u00e3o encorajadas a denunciar o caso \u00e0 Comiss\u00e3o Interamericana de Direitos Humanos, com o objetivo de garantir o respeito aos direitos dos povos ind\u00edgenas.<\/p>\n<p>Fonte: Revista Oeste              <\/p>\n<\/div>\n<p><br \/>\n<br \/><a href=\"https:\/\/diariodobrasilnoticias.com.br\/noticia\/grupo-bilionario-obtem-permissao-do-governo-lula-para-atuar-em-terras-indigenas-sem-licitacao-6797b9ed0c9f1\">Source link <\/a><\/p>","protected":false},"excerpt":{"rendered":"<p>O Minist\u00e9rio dos Povos Ind\u00edgenas do governo Luiz In\u00e1cio Lula da Silva firmou um memorando de entendimento com a multinacional Ambipar. O acordo concede ao grupo bilion\u00e1rio a gest\u00e3o de&hellip;<\/p>","protected":false},"author":1,"featured_media":96384,"comment_status":"closed","ping_status":"open","sticky":false,"template":"","format":"standard","meta":{"content-type":"","footnotes":""},"categories":[16],"tags":[123,2448,5313,1267],"class_list":["post-96383","post","type-post","status-publish","format-standard","has-post-thumbnail","hentry","category-noticias","tag-brasil","tag-diario","tag-noticia","tag-noticias"],"_links":{"self":[{"href":"https:\/\/tvbrazilusa.com\/pt\/wp-json\/wp\/v2\/posts\/96383","targetHints":{"allow":["GET"]}}],"collection":[{"href":"https:\/\/tvbrazilusa.com\/pt\/wp-json\/wp\/v2\/posts"}],"about":[{"href":"https:\/\/tvbrazilusa.com\/pt\/wp-json\/wp\/v2\/types\/post"}],"author":[{"embeddable":true,"href":"https:\/\/tvbrazilusa.com\/pt\/wp-json\/wp\/v2\/users\/1"}],"replies":[{"embeddable":true,"href":"https:\/\/tvbrazilusa.com\/pt\/wp-json\/wp\/v2\/comments?post=96383"}],"version-history":[{"count":1,"href":"https:\/\/tvbrazilusa.com\/pt\/wp-json\/wp\/v2\/posts\/96383\/revisions"}],"predecessor-version":[{"id":96385,"href":"https:\/\/tvbrazilusa.com\/pt\/wp-json\/wp\/v2\/posts\/96383\/revisions\/96385"}],"wp:featuredmedia":[{"embeddable":true,"href":"https:\/\/tvbrazilusa.com\/pt\/wp-json\/wp\/v2\/media\/96384"}],"wp:attachment":[{"href":"https:\/\/tvbrazilusa.com\/pt\/wp-json\/wp\/v2\/media?parent=96383"}],"wp:term":[{"taxonomy":"category","embeddable":true,"href":"https:\/\/tvbrazilusa.com\/pt\/wp-json\/wp\/v2\/categories?post=96383"},{"taxonomy":"post_tag","embeddable":true,"href":"https:\/\/tvbrazilusa.com\/pt\/wp-json\/wp\/v2\/tags?post=96383"}],"curies":[{"name":"wp","href":"https:\/\/api.w.org\/{rel}","templated":true}]}}