{"id":96415,"date":"2025-01-27T21:12:25","date_gmt":"2025-01-27T21:12:25","guid":{"rendered":"https:\/\/tvbrazilusa.com\/2025\/01\/27\/adolescente-de-14-anos-que-desapareceu-em-praia-de-natal-e-encontrada-sem-vida\/"},"modified":"2025-01-27T21:12:27","modified_gmt":"2025-01-27T21:12:27","slug":"adolescente-de-14-anos-que-desapareceu-em-praia-de-natal-e-encontrada-sem-vida","status":"publish","type":"post","link":"https:\/\/tvbrazilusa.com\/pt\/2025\/01\/27\/adolescente-de-14-anos-que-desapareceu-em-praia-de-natal-e-encontrada-sem-vida\/","title":{"rendered":"Adolescente de 14 anos que desapareceu em praia de Natal \u00e9 encontrada sem vida"},"content":{"rendered":"<p> <script async src=\"https:\/\/pagead2.googlesyndication.com\/pagead\/js\/adsbygoogle.js?client=ca-pub-8864793242727901\"\r\n     crossorigin=\"anonymous\"><\/script><br \/>\n<\/p>\n<div id=\"taboola-read-more\" style=\"display:block; width:100%\">\n<p>A adolescente de 14 anos que desapareceu no mar na tarde do domingo (26) na praia de Miami, em Natal, foi encontrada morta na manh\u00e3 desta segunda-feira (27), segundo confirmou o Corpo de Bombeiros.\n<\/p>\n<p>A v\u00edtima foi identificada como Elo\u00e1 Tayna Oliveira Quirino.<\/p>\n<p>O corpo foi encontrado por volta das 11h na praia de Areia Preta e a Pol\u00edcia Civil e o Instituto T\u00e9cnico-Cient\u00edfico de Per\u00edcia (Itep) foram acionados para dar in\u00edcio \u00e0 investiga\u00e7\u00e3o e trabalho de per\u00edcia.\n<\/p>\n<p>As buscas tinham sido iniciadas ainda no domingo (26), mas foram suspensas durante a noite e retomadas nesta segunda (27). O trabalho contou com equipes de guarda-vidas, mergulhadores, motos aqu\u00e1ticas e apoio a\u00e9reo.\n<\/p>\n<p>Segundo a corpora\u00e7\u00e3o, a adolescente estava acompanhada de um amigo de 17 anos, que conseguiu sair da \u00e1gua.\n<\/p>\n<p>Ainda de acordo com o Corpo de Bombeiros, a \u00e1rea onde ocorreu o incidente \u00e9 sinalizada com bandeira vermelha, indicando perigo para banhistas.\n<\/p>\n<p>Fonte: G1              <\/p>\n<\/div>\n<p><br \/>\n<br \/><a href=\"https:\/\/diariodobrasilnoticias.com.br\/noticia\/adolescente-de-14-anos-que-desapareceu-em-praia-de-natal-e-encontrada-sem-vida-6797dbc713966\">Source link <\/a><\/p>","protected":false},"excerpt":{"rendered":"<p>A adolescente de 14 anos que desapareceu no mar na tarde do domingo (26) na praia de Miami, em Natal, foi encontrada morta na manh\u00e3 desta segunda-feira (27), segundo confirmou&hellip;<\/p>","protected":false},"author":1,"featured_media":96416,"comment_status":"closed","ping_status":"open","sticky":false,"template":"","format":"standard","meta":{"content-type":"","footnotes":""},"categories":[16],"tags":[123,2448,5313,1267],"class_list":["post-96415","post","type-post","status-publish","format-standard","has-post-thumbnail","hentry","category-noticias","tag-brasil","tag-diario","tag-noticia","tag-noticias"],"_links":{"self":[{"href":"https:\/\/tvbrazilusa.com\/pt\/wp-json\/wp\/v2\/posts\/96415","targetHints":{"allow":["GET"]}}],"collection":[{"href":"https:\/\/tvbrazilusa.com\/pt\/wp-json\/wp\/v2\/posts"}],"about":[{"href":"https:\/\/tvbrazilusa.com\/pt\/wp-json\/wp\/v2\/types\/post"}],"author":[{"embeddable":true,"href":"https:\/\/tvbrazilusa.com\/pt\/wp-json\/wp\/v2\/users\/1"}],"replies":[{"embeddable":true,"href":"https:\/\/tvbrazilusa.com\/pt\/wp-json\/wp\/v2\/comments?post=96415"}],"version-history":[{"count":1,"href":"https:\/\/tvbrazilusa.com\/pt\/wp-json\/wp\/v2\/posts\/96415\/revisions"}],"predecessor-version":[{"id":96417,"href":"https:\/\/tvbrazilusa.com\/pt\/wp-json\/wp\/v2\/posts\/96415\/revisions\/96417"}],"wp:featuredmedia":[{"embeddable":true,"href":"https:\/\/tvbrazilusa.com\/pt\/wp-json\/wp\/v2\/media\/96416"}],"wp:attachment":[{"href":"https:\/\/tvbrazilusa.com\/pt\/wp-json\/wp\/v2\/media?parent=96415"}],"wp:term":[{"taxonomy":"category","embeddable":true,"href":"https:\/\/tvbrazilusa.com\/pt\/wp-json\/wp\/v2\/categories?post=96415"},{"taxonomy":"post_tag","embeddable":true,"href":"https:\/\/tvbrazilusa.com\/pt\/wp-json\/wp\/v2\/tags?post=96415"}],"curies":[{"name":"wp","href":"https:\/\/api.w.org\/{rel}","templated":true}]}}