{"id":96421,"date":"2025-01-27T21:23:39","date_gmt":"2025-01-27T21:23:39","guid":{"rendered":"https:\/\/tvbrazilusa.com\/2025\/01\/27\/triste-hamas-indica-que-oito-pessoas-da-lista-de-refens-estao-mortos\/"},"modified":"2025-01-27T21:23:40","modified_gmt":"2025-01-27T21:23:40","slug":"triste-hamas-indica-que-oito-pessoas-da-lista-de-refens-estao-mortos","status":"publish","type":"post","link":"https:\/\/tvbrazilusa.com\/pt\/2025\/01\/27\/triste-hamas-indica-que-oito-pessoas-da-lista-de-refens-estao-mortos\/","title":{"rendered":"Triste: Hamas indica que oito pessoas da lista de ref\u00e9ns est\u00e3o mortos"},"content":{"rendered":"<p> <script async src=\"https:\/\/pagead2.googlesyndication.com\/pagead\/js\/adsbygoogle.js?client=ca-pub-8864793242727901\"\r\n     crossorigin=\"anonymous\"><\/script><br \/>\n<\/p>\n<div id=\"taboola-read-more\" style=\"display:block; width:100%\">\n<p>Os terroristas do Hamas entregaram nesta segunda-feira, 27, uma lista com detalhes sobre o estado de sa\u00fade dos 33 ref\u00e9ns israelenses a serem libertados na primeira fase do acordo de cessar-fogo.\n<\/p>\n<p>As sete mulheres que j\u00e1 retornaram a Israel na primeira semana do acordo est\u00e3o na contagem que coincide com informa\u00e7\u00f5es da intelig\u00eancia israelense.<\/p>\n<p>Os terroristas do Hamas entregaram nesta segunda-feira, 27, uma lista com detalhes sobre o estado de sa\u00fade dos 33 ref\u00e9ns israelenses a serem libertados na primeira fase do acordo de cessar-fogo.\n<\/p>\n<p>As sete mulheres que j\u00e1 retornaram a Israel na primeira semana do acordo est\u00e3o na contagem que coincide com informa\u00e7\u00f5es da intelig\u00eancia israelense.\n<\/p>\n<p>Segundo o porta-voz do governo israelense, David Mencer, oito ref\u00e9ns est\u00e3o mortos no total dos 33 ref\u00e9ns a serem libertados na primeira fase.\n<\/p>\n<p>Posso confirmar que Israel recebeu do Hamas uma lista que inclui a situa\u00e7\u00e3o dos 33 ref\u00e9ns que ser\u00e3o libertados nesta primeira fase. A lista coincide com informa\u00e7\u00f5es da intelig\u00eancia israelense . Vinte e cinco dos nossos ref\u00e9ns est\u00e3o vivos e oito foram mortos pelo Hamas\u201c, disse a jornalistas.\n<\/p>\n<p>AR<br \/>Os terroristas do Hamas entregaram nesta segunda-feira, 27, uma lista com detalhes sobre o estado de sa\u00fade dos 33 ref\u00e9ns israelenses a serem libertados na primeira fase do acordo de cessar-fogo.\n<\/p>\n<p>As sete mulheres que j\u00e1 retornaram a Israel na primeira semana do acordo est\u00e3o na contagem que coincide com informa\u00e7\u00f5es da intelig\u00eancia israelense.\n<\/p>\n<p>Segundo o porta-voz do governo israelense, David Mencer, oito ref\u00e9ns est\u00e3o mortos no total dos 33 ref\u00e9ns a serem libertados na primeira fase.\n<\/p>\n<p>Posso confirmar que Israel recebeu do Hamas uma lista que inclui a situa\u00e7\u00e3o dos 33 ref\u00e9ns que ser\u00e3o libertados nesta primeira fase. A lista coincide com informa\u00e7\u00f5es da intelig\u00eancia israelense . Vinte e cinco dos nossos ref\u00e9ns est\u00e3o vivos e oito foram mortos pelo Hamas\u201c, disse a jornalistas.\n<\/p>\n<p>Mencer afirmou que os familiares dos ref\u00e9ns j\u00e1 foram informados sobre o estado dos seus entes queridos. Israel, contudo, n\u00e3o revelar\u00e1 a identidade daqueles que perderam suas vidas nos cativeiros.\n<\/p>\n<p>A pr\u00f3xima rodada de liberta\u00e7\u00e3o de ref\u00e9ns incluir\u00e1 a fam\u00edlia Bibas, composta pelos filhos Ariel e Kfir, pela m\u00e3e Shiri e pelo pai Yarden.\n<\/p>\n<p>Em 2023, a Jihad Isl\u00e2mica havia anunciado a morte de Shri e de seus filhos, sem a confirma\u00e7\u00e3o oficial das For\u00e7as de Defesa de Israel (FDI).\n<\/p>\n<p>Mulheres libertadas<br \/>Na primeira semana do acordo, sete mulheres foram libertadas, entre as quais tr\u00eas civis e quatro mulheres soldados.\n<\/p>\n<p>Em troca, o governo israelense libertou 290 palestinos.\n<\/p>\n<p>As tr\u00eas primeiras civis contaram a ve\u00edculos israelenses todo o per\u00edodo de terror vivenciado por elas sob o dom\u00ednio do grupo terrorista.\n<\/p>\n<p>Hamas voltou<br \/>O Hamas tenta retomar o controle da Faixa de Gaza, poucos dias depois do an\u00fancio do acordo de cessar-fogo com Israel.\n<\/p>\n<p>Nas redes sociais, h\u00e1 v\u00eddeos de terroristas vestidos com o uniforme de combate e as faixas verdes do grupo em busca de civis palestinos, que eles consideram traidores.\n<\/p>\n<p>Em uma das publica\u00e7\u00f5es, os soldados do grupo radical isl\u00e2mico aparecem executando palestinos sob a alega\u00e7\u00e3o de que cooperavam com o governo israelense.\n<\/p>\n<p>Apesar das For\u00e7as de Defesa de Israel (FDI) terem eliminado os l\u00edderes do Hamas, o grupo continua com forte armamento militar.\n<\/p>\n<p>Estima-se que ainda existam 25 mil terroristas armados.\n<\/p>\n<p>Fonte: O Antagonista              <\/p>\n<\/div>\n<p><br \/>\n<br \/><a href=\"https:\/\/diariodobrasilnoticias.com.br\/noticia\/triste-hamas-indica-que-oito-pessoas-da-lista-de-refens-estao-mortos-6797dc1857723\">Source link <\/a><\/p>","protected":false},"excerpt":{"rendered":"<p>Os terroristas do Hamas entregaram nesta segunda-feira, 27, uma lista com detalhes sobre o estado de sa\u00fade dos 33 ref\u00e9ns israelenses a serem libertados na primeira fase do acordo de&hellip;<\/p>","protected":false},"author":1,"featured_media":96422,"comment_status":"closed","ping_status":"open","sticky":false,"template":"","format":"standard","meta":{"content-type":"","footnotes":""},"categories":[16],"tags":[123,2448,5313,1267],"class_list":["post-96421","post","type-post","status-publish","format-standard","has-post-thumbnail","hentry","category-noticias","tag-brasil","tag-diario","tag-noticia","tag-noticias"],"_links":{"self":[{"href":"https:\/\/tvbrazilusa.com\/pt\/wp-json\/wp\/v2\/posts\/96421","targetHints":{"allow":["GET"]}}],"collection":[{"href":"https:\/\/tvbrazilusa.com\/pt\/wp-json\/wp\/v2\/posts"}],"about":[{"href":"https:\/\/tvbrazilusa.com\/pt\/wp-json\/wp\/v2\/types\/post"}],"author":[{"embeddable":true,"href":"https:\/\/tvbrazilusa.com\/pt\/wp-json\/wp\/v2\/users\/1"}],"replies":[{"embeddable":true,"href":"https:\/\/tvbrazilusa.com\/pt\/wp-json\/wp\/v2\/comments?post=96421"}],"version-history":[{"count":1,"href":"https:\/\/tvbrazilusa.com\/pt\/wp-json\/wp\/v2\/posts\/96421\/revisions"}],"predecessor-version":[{"id":96423,"href":"https:\/\/tvbrazilusa.com\/pt\/wp-json\/wp\/v2\/posts\/96421\/revisions\/96423"}],"wp:featuredmedia":[{"embeddable":true,"href":"https:\/\/tvbrazilusa.com\/pt\/wp-json\/wp\/v2\/media\/96422"}],"wp:attachment":[{"href":"https:\/\/tvbrazilusa.com\/pt\/wp-json\/wp\/v2\/media?parent=96421"}],"wp:term":[{"taxonomy":"category","embeddable":true,"href":"https:\/\/tvbrazilusa.com\/pt\/wp-json\/wp\/v2\/categories?post=96421"},{"taxonomy":"post_tag","embeddable":true,"href":"https:\/\/tvbrazilusa.com\/pt\/wp-json\/wp\/v2\/tags?post=96421"}],"curies":[{"name":"wp","href":"https:\/\/api.w.org\/{rel}","templated":true}]}}