{"id":96427,"date":"2025-01-27T21:37:04","date_gmt":"2025-01-27T21:37:04","guid":{"rendered":"https:\/\/tvbrazilusa.com\/2025\/01\/27\/de-acordo-com-o-mp-madrasta-usou-brinquedos-e-um-banquinho-para-levar-enteada-a-se-afogar-em-maquina-de-lavar\/"},"modified":"2025-01-27T21:37:06","modified_gmt":"2025-01-27T21:37:06","slug":"de-acordo-com-o-mp-madrasta-usou-brinquedos-e-um-banquinho-para-levar-enteada-a-se-afogar-em-maquina-de-lavar","status":"publish","type":"post","link":"https:\/\/tvbrazilusa.com\/pt\/2025\/01\/27\/de-acordo-com-o-mp-madrasta-usou-brinquedos-e-um-banquinho-para-levar-enteada-a-se-afogar-em-maquina-de-lavar\/","title":{"rendered":"De acordo com o MP, madrasta usou brinquedos e um banquinho para levar enteada a se afogar em m\u00e1quina de lavar"},"content":{"rendered":"<p> <script async src=\"https:\/\/pagead2.googlesyndication.com\/pagead\/js\/adsbygoogle.js?client=ca-pub-8864793242727901\"\r\n     crossorigin=\"anonymous\"><\/script><br \/>\n<\/p>\n<div id=\"taboola-read-more\" style=\"display:block; width:100%\">\n<p>Isabelly Oliveira Assunp\u00e7\u00e3o, acusada de matar a enteada de tr\u00eas anos, usou brinquedos e um banco para induzir a menina a se afogar na m\u00e1quina de lava roupas. A informa\u00e7\u00e3o est\u00e1 na den\u00fancia do Minist\u00e9rio P\u00fablico do Paran\u00e1, aceita pela Justi\u00e7a. Assista ao v\u00eddeo acima.\n<\/p>\n<p>A menina morreu em maio de 2022, na v\u00e9spera do dia das m\u00e3es. A menina que vivia com a m\u00e3e, passaria a sexta-feira e o s\u00e1bado com o pai, mas na hora do afogamento ele estava trabalhando. Relembre abaixo.<\/p>\n<p>Para o MP, &#8220;a denunciada previu e assumiu conscientemente o risco de ocasionar a morte da v\u00edtima&#8221;. O documento, que tramita em segredo de Justi\u00e7a, foi obtido com exclusividade pela RPC Cascavel. nele, o \u00f3rg\u00e3o elenca quatro fatos considerados na den\u00fancia:\n<\/p>\n<ol>\n<li>Colocou um banco de pl\u00e1stico em frente da m\u00e1quina de lavar roupas que estava cheia de \u00e1gua;<\/li>\n<li>Depositou alguns brinquedos da crian\u00e7a dentro do referido eletrodom\u00e9stico;<\/li>\n<li>Colocou Isabelly sobre o banco para que ela brincasse com os objetos que estavam na \u00e1gua;<\/li>\n<li>Saiu do local (lavanderia do im\u00f3vel), deixando a v\u00edtima sozinha e sem supervis\u00e3o por tempo suficiente para que o evento morte ocorresse.<\/li>\n<\/ol>\n<p>De acordo com a den\u00fancia, o crime foi motivado por ci\u00fames e sentimento de posse da madrasta em rela\u00e7\u00e3o ao pai da crian\u00e7a. Isso porque a mulher acreditava que a menina estava prejudicando o relacionamento entre os dois, por causa da proximidade dele com a m\u00e3e da menina.\n<\/p>\n<p>Suzana Dazar virou r\u00e9 por homic\u00eddio doloso por motivo torpe, emprego de asfixia e viol\u00eancia dom\u00e9stica e familiar. A den\u00fancia foi aceita em 14 de janeiro. Veja detalhes mais abaixo.\n<\/p>\n<p>O que diz a defesa da madrasta<br \/>Os advogados de defesa de Suzana dizem que a den\u00fancia \u00e9 exagerada e que o que aconteceu foi um &#8220;acidente&#8221;. Eles afirmaram ainda que a madrasta e enteada tinham uma boa rela\u00e7\u00e3o e que &#8220;n\u00e3o tem ind\u00edcios que tenha inten\u00e7\u00e3o de ter ceifado com a vida dela&#8221;, afirmou o advogado Paulo Hara J\u00fanior.\n<\/p>\n<p>&#8220;N\u00f3s entendemos que n\u00e3o tem dolo, n\u00e3o tem marcas, nada mencionando isso no processo. Temos que analisar o processo de acordo com a lei, o m\u00ednimo que poder ter \u00e9 culpa. Porque se fosse a m\u00e3e biol\u00f3gica? Infelizmente acontece de soltar a m\u00e3o, nesse caso s\u00f3 porque \u00e9 madrasta?&#8221;, disse Suelane Gundim, advogada que tamb\u00e9m defende Suzana.\n<\/p>\n<p>Para a defesa da m\u00e3e da menina, o cen\u00e1rio foi preparado para que houvesse a morte da crian\u00e7a.\n<\/p>\n<p>&#8220;Ela preparou toda uma situa\u00e7\u00e3o para que o crime acontecesse. A maquina, o banquinho, ela estava de meia, os brinquedos foram colocados dentro da \u00e1gua. Pelo hist\u00f3rico da fam\u00edlia ela n\u00e3o era de brincar, v\u00e1rios ind\u00edcios levam a crer que tudo foi preparado, para que resultasse na morte&#8221;, afirmou o advogado de defesa Alexander Beilner.\n<\/p>\n<p>&#8220;Fato dela ficar mais de trinta minutos sozinha numa lavanderia nessas circunstancias graves. Todos esses ind\u00edcios que constam nos autos, que foi deliberado pela madrasta&#8221;, frisou ainda Beilner.\n<\/p>\n<p>Fonte: G1              <\/p>\n<\/div>\n<p><br \/>\n<br \/><a href=\"https:\/\/diariodobrasilnoticias.com.br\/noticia\/de-acordo-com-o-mp-madrasta-usou-brinquedos-e-um-banquinho-para-levar-enteada-a-se-afogar-em-maquina-de-lavar-6797e0cff0637\">Source link <\/a><\/p>","protected":false},"excerpt":{"rendered":"<p>Isabelly Oliveira Assunp\u00e7\u00e3o, acusada de matar a enteada de tr\u00eas anos, usou brinquedos e um banco para induzir a menina a se afogar na m\u00e1quina de lava roupas. A informa\u00e7\u00e3o&hellip;<\/p>","protected":false},"author":1,"featured_media":96428,"comment_status":"closed","ping_status":"open","sticky":false,"template":"","format":"standard","meta":{"content-type":"","footnotes":""},"categories":[16],"tags":[123,2448,5313,1267],"class_list":["post-96427","post","type-post","status-publish","format-standard","has-post-thumbnail","hentry","category-noticias","tag-brasil","tag-diario","tag-noticia","tag-noticias"],"_links":{"self":[{"href":"https:\/\/tvbrazilusa.com\/pt\/wp-json\/wp\/v2\/posts\/96427","targetHints":{"allow":["GET"]}}],"collection":[{"href":"https:\/\/tvbrazilusa.com\/pt\/wp-json\/wp\/v2\/posts"}],"about":[{"href":"https:\/\/tvbrazilusa.com\/pt\/wp-json\/wp\/v2\/types\/post"}],"author":[{"embeddable":true,"href":"https:\/\/tvbrazilusa.com\/pt\/wp-json\/wp\/v2\/users\/1"}],"replies":[{"embeddable":true,"href":"https:\/\/tvbrazilusa.com\/pt\/wp-json\/wp\/v2\/comments?post=96427"}],"version-history":[{"count":1,"href":"https:\/\/tvbrazilusa.com\/pt\/wp-json\/wp\/v2\/posts\/96427\/revisions"}],"predecessor-version":[{"id":96429,"href":"https:\/\/tvbrazilusa.com\/pt\/wp-json\/wp\/v2\/posts\/96427\/revisions\/96429"}],"wp:featuredmedia":[{"embeddable":true,"href":"https:\/\/tvbrazilusa.com\/pt\/wp-json\/wp\/v2\/media\/96428"}],"wp:attachment":[{"href":"https:\/\/tvbrazilusa.com\/pt\/wp-json\/wp\/v2\/media?parent=96427"}],"wp:term":[{"taxonomy":"category","embeddable":true,"href":"https:\/\/tvbrazilusa.com\/pt\/wp-json\/wp\/v2\/categories?post=96427"},{"taxonomy":"post_tag","embeddable":true,"href":"https:\/\/tvbrazilusa.com\/pt\/wp-json\/wp\/v2\/tags?post=96427"}],"curies":[{"name":"wp","href":"https:\/\/api.w.org\/{rel}","templated":true}]}}