{"id":96433,"date":"2025-01-27T21:49:33","date_gmt":"2025-01-27T21:49:33","guid":{"rendered":"https:\/\/tvbrazilusa.com\/2025\/01\/27\/os-democratas-de-connecticut-renovam-pedidos-para-o-medicaid-cobrir-o-custo-das-fraldas\/"},"modified":"2025-01-27T21:57:51","modified_gmt":"2025-01-27T21:57:51","slug":"os-democratas-de-connecticut-renovam-pedidos-para-o-medicaid-cobrir-o-custo-das-fraldas","status":"publish","type":"post","link":"https:\/\/tvbrazilusa.com\/pt\/2025\/01\/27\/os-democratas-de-connecticut-renovam-pedidos-para-o-medicaid-cobrir-o-custo-das-fraldas\/","title":{"rendered":"Os democratas de Connecticut renovam pedidos para o Medicaid cobrir o custo das fraldas"},"content":{"rendered":"<script async src=\"https:\/\/pagead2.googlesyndication.com\/pagead\/js\/adsbygoogle.js?client=ca-pub-8864793242727901\"\r\n     crossorigin=\"anonymous\"><\/script>\n<p>HARTFORD, Connecticut (WTNH) &#8211; Os legisladores democratas renovaram seus pedidos na segunda -feira para expandir o Medicaid para cobrir o custo das fraldas para muitas fam\u00edlias.<\/p>\n<p>&#8220;\u00c9 algo que todos tomamos como certo&#8221;, disse o deputado estadual Aundre Bumgardner (D). &#8220;\u00c9 algo em que n\u00e3o pensamos, mas \u00e9 uma necessidade com a qual temos que conviver.&#8221;<\/p>\n<p>Para novos pais, o custo anual das fraldas \u00e9 atraente. O custo de n\u00e3o ter acesso a fraldas \u00e9 igualmente alarmante: os estudos mostraram que a falta de um suprimento adequado de fraldas prejudica a sa\u00fade mental dos pais e pode levar a desafios de sa\u00fade para os beb\u00eas, que j\u00e1 s\u00e3o mais suscet\u00edveis a determinadas condi\u00e7\u00f5es.<\/p>\n<div class=\"nlp-ignore-block article-content rich-text\">\n<aside class=\"promo-link\">\n\t<a href=\"https:\/\/www.wtnh.com\/news\/health\/ap-cdc-ordered-to-stop-working-with-who-immediately-upending-expectations-of-an-extended-withdrawal\/?ipid=promo-link-block1\" class=\"promo-link__link\"><\/p>\n<p>\t\tCDC ordenou para parar de trabalhar com quem imediatamente, aumentando as expectativas de uma retirada prolongada\t<\/a><br \/>\n<\/aside>\n<\/div>\n<p>&#8220;Crian\u00e7as com menos de 1 idade representam 40% das hospitaliza\u00e7\u00f5es da ITU&#8221;, disse o deputado estadual Jillian Gilchrest (D).<\/p>\n<p>O plano introduzido na segunda -feira cobriria o custo das fraldas para beb\u00eas com menos de tr\u00eas anos que se qualificam para o Medicaid e possuem uma condi\u00e7\u00e3o m\u00e9dica como ITUs e fraldas. O plano \u00e9 apoiado pelo banco de fraldas de Connecticut sem fins lucrativos e por muitos parlamentares democratas, que disseram que cuidar do problema de antem\u00e3o economizar\u00e1 dinheiro.<\/p>\n<p>&#8220;\u00c9 prov\u00e1vel que a economia associada ao uso reduzido evit\u00e1vel dos servi\u00e7os de sa\u00fade compense o custo da cobertura&#8221;, disse Gilchrest.<\/p>\n<p>No entanto, proponentes como Gilchrest sabem que o caminho para garantir financiamento para o plano de fraldas \u00e9 irregular.<\/p>\n<p>&#8220;Qualquer coisa que custe dinheiro ser\u00e1 uma batalha este ano&#8221;, disse ela.<\/p>\n<p>Isso ocorre porque todos os gastos estaduais est\u00e3o sujeitos a limites or\u00e7ament\u00e1rios implementados pelo Legislativo oito anos atr\u00e1s. Os republicanos e muitos democratas ap\u00f3iam a mantendo esses limites no lugar. Um dos principais republicanos, que tamb\u00e9m \u00e9 m\u00e9dico, fez sua avalia\u00e7\u00e3o do plano de fraldas.<\/p>\n<p>  \u201cEm um conceito geral, eu posso entend\u00ea -lo, mas vivemos no mundo real e temos que descobrir em nosso or\u00e7amento &#8211; onde j\u00e1 estamos gastando muito dinheiro no Medicaid &#8211; onde encontrar\u00edamos o dinheiro extra? &#8220;O senador estadual Jeff Gordon (R) disse.<\/p>\n<div class=\"nlp-ignore-block article-content rich-text\">\n<aside class=\"promo-link\">\n\t<a href=\"https:\/\/www.wtnh.com\/news\/politics\/ap-air-force-restores-use-of-tuskegee-airmen-training-videos-as-hegseth-starts-first-day\/?ipid=promo-link-block2\" class=\"promo-link__link\"><\/p>\n<p>\t\tNovas ordens de Trump em tropas transg\u00eaneros, covid e mais esperadas no primeiro dia de Hegseth\t<\/a><br \/>\n<\/aside>\n<\/div>\n<p>Gordon sinalizou que seu partido tem uma abordagem diferente para reduzir os custos dom\u00e9sticos.<\/p>\n<p>&#8220;Uma das coisas pelas quais meus colegas e eu da luta republicana \u00e9 que vamos manter mais o dinheiro que as pessoas trabalhadoras ganham na frente&#8221;, disse Gordon. &#8220;Eles podem us\u00e1-lo para coisas assim. N\u00f3s defendemos os cortes de imposto de renda &#8211; eu tenho um cr\u00e9dito de imposto sobre cuidados infantis. \u201d<\/p>\n<p>Este t\u00f3pico do Medicaid ser\u00e1 um dos maiores problemas, pois os legisladores elaboraram o pr\u00f3ximo or\u00e7amento do estado.<\/p>\n<p>Na ter\u00e7a -feira, ouviremos os principais democratas em outro plano para aumentar significativamente as taxas do Medicaid. Na pr\u00f3xima semana, ouviremos o governador sobre sua abordagem ao or\u00e7amento deste ano.<\/p>\n<p><br \/>\n<br \/><a href=\"https:\/\/www.wtnh.com\/news\/connecticut\/connecticut-democrats-renew-calls-for-medicaid-to-cover-cost-of-diapers\/\">Source link <\/a><\/p>","protected":false},"excerpt":{"rendered":"<p>HARTFORD, Connecticut (WTNH) &#8211; Os legisladores democratas renovaram seus pedidos na segunda -feira para expandir o Medicaid para cobrir o custo das fraldas para muitas fam\u00edlias. &#8220;\u00c9 algo que todos&hellip;<\/p>","protected":false},"author":1,"featured_media":96434,"comment_status":"closed","ping_status":"open","sticky":false,"template":"","format":"standard","meta":{"content-type":"","footnotes":""},"categories":[1],"tags":[],"class_list":["post-96433","post","type-post","status-publish","format-standard","has-post-thumbnail","hentry","category-uncategorized"],"_links":{"self":[{"href":"https:\/\/tvbrazilusa.com\/pt\/wp-json\/wp\/v2\/posts\/96433","targetHints":{"allow":["GET"]}}],"collection":[{"href":"https:\/\/tvbrazilusa.com\/pt\/wp-json\/wp\/v2\/posts"}],"about":[{"href":"https:\/\/tvbrazilusa.com\/pt\/wp-json\/wp\/v2\/types\/post"}],"author":[{"embeddable":true,"href":"https:\/\/tvbrazilusa.com\/pt\/wp-json\/wp\/v2\/users\/1"}],"replies":[{"embeddable":true,"href":"https:\/\/tvbrazilusa.com\/pt\/wp-json\/wp\/v2\/comments?post=96433"}],"version-history":[{"count":1,"href":"https:\/\/tvbrazilusa.com\/pt\/wp-json\/wp\/v2\/posts\/96433\/revisions"}],"predecessor-version":[{"id":96435,"href":"https:\/\/tvbrazilusa.com\/pt\/wp-json\/wp\/v2\/posts\/96433\/revisions\/96435"}],"wp:featuredmedia":[{"embeddable":true,"href":"https:\/\/tvbrazilusa.com\/pt\/wp-json\/wp\/v2\/media\/96434"}],"wp:attachment":[{"href":"https:\/\/tvbrazilusa.com\/pt\/wp-json\/wp\/v2\/media?parent=96433"}],"wp:term":[{"taxonomy":"category","embeddable":true,"href":"https:\/\/tvbrazilusa.com\/pt\/wp-json\/wp\/v2\/categories?post=96433"},{"taxonomy":"post_tag","embeddable":true,"href":"https:\/\/tvbrazilusa.com\/pt\/wp-json\/wp\/v2\/tags?post=96433"}],"curies":[{"name":"wp","href":"https:\/\/api.w.org\/{rel}","templated":true}]}}