{"id":96457,"date":"2025-01-27T23:05:08","date_gmt":"2025-01-27T23:05:08","guid":{"rendered":"https:\/\/tvbrazilusa.com\/2025\/01\/27\/mais-da-metade-dos-jovens-no-reino-unido-apoia-a-ideia-de-uma-ditadura\/"},"modified":"2025-01-27T23:05:10","modified_gmt":"2025-01-27T23:05:10","slug":"mais-da-metade-dos-jovens-no-reino-unido-apoia-a-ideia-de-uma-ditadura","status":"publish","type":"post","link":"https:\/\/tvbrazilusa.com\/pt\/2025\/01\/27\/mais-da-metade-dos-jovens-no-reino-unido-apoia-a-ideia-de-uma-ditadura\/","title":{"rendered":"Mais da metade dos jovens no Reino Unido apoia a ideia de uma ditadura"},"content":{"rendered":"<p> <script async src=\"https:\/\/pagead2.googlesyndication.com\/pagead\/js\/adsbygoogle.js?client=ca-pub-8864793242727901\"\r\n     crossorigin=\"anonymous\"><\/script><br \/>\n<\/p>\n<div id=\"taboola-read-more\" style=\"display:block; width:100%\">\n<p>No dia do anivers\u00e1rio da liberta\u00e7\u00e3o de Auschwitz, h\u00e1 80 anos, uma pesquisa publicada na primeira pagina do \u201cTimes\u201d mostra como mais da metade dos jovens brit\u00e2nicos apoiam um ditador ou um autocrata.\n<\/p>\n<p>Segundo a pesquisa, 52% dos entrevistados com idade entre os 13 e os 27 anos, ou seja, os representantes da chamada \u201cGera\u00e7\u00e3o Z\u201d, acreditam que o Reino Unido seria um lugar melhor \u201cse houvesse um l\u00edder forte no poder que n\u00e3o tivesse de se preocupar com elei\u00e7\u00f5es e do Parlamento\u201d.<\/p>\n<p>Al\u00e9m disso, um ter\u00e7o dos jovens brit\u00e2nicos entrevistados acredita que \u201cseria melhor se o Ex\u00e9rcito liderasse o pa\u00eds\u201d.\n<\/p>\n<p>Para outros 47% \u201ca forma como a nossa sociedade est\u00e1 organizada deve mudar radicalmente atrav\u00e9s de uma revolu\u00e7\u00e3o\u201d.\n<\/p>\n<p>Apenas um ter\u00e7o das gera\u00e7\u00f5es mais velhas tem a mesma opini\u00e3o.\n<\/p>\n<p>Jovens homens no Reino Unido se sentem \u2018discriminados\u2019\n<\/p>\n<p>A pesquisa mostra tamb\u00e9m que, embora as gera\u00e7\u00f5es mais jovens estejam geralmente mais abertas aos direitos civis, os homens com menos de 30 anos sentem-se \u201cdiscriminados\u201d .\n<\/p>\n<p>Segundo 45% deles, \u201cfomos longe demais na promo\u00e7\u00e3o dos direitos das mulheres, porque agora s\u00e3o os homens que s\u00e3o discriminados\u201d.\n<\/p>\n<p>Uma percentagem semelhante diz que \u201cfoi longe demais na concess\u00e3o de direitos iguais \u00e0s mulheres\u201d.\n<\/p>\n<p>No caso da opini\u00e3o dos jovens brit\u00e2nicos sobre os meios de comunica\u00e7\u00e3o, para 58% deles as publica\u00e7\u00f5es online partilhadas pelos amigos \u201cs\u00e3o t\u00e3o cred\u00edveis, se n\u00e3o mais, do que os artigos produzidos pelos meios de comunica\u00e7\u00e3o e jornais tradicionais\u201d.\n<\/p>\n<p>A pesquisa foi realizada pela empresa Craft para um programa do Canal 4 chamado \u201cGera\u00e7\u00e3o Z: Tend\u00eancias, Verdade e Confian\u00e7a\u201d, que ser\u00e1 exibido nesta quinta-feira,30, em Londres, durante evento da Royal Television Society.\n<\/p>\n<p>A pesquisa entrevistou mais de 3 mil pessoas no total, de todas as faixas et\u00e1ria.\n<\/p>\n<p>Segundo Alex Mahon, diretor-geral do Channel 4, a pesquisa mostra como \u201ca Gera\u00e7\u00e3o Z no Reino Unido \u00e9 simultaneamente a gera\u00e7\u00e3o mais liberal e ao mesmo tempo a mais autorit\u00e1ria de todas\u201d.\n<\/p>\n<p>Fonte: Revista Oeste              <\/p>\n<\/div>\n<p><br \/>\n<br \/><a href=\"https:\/\/diariodobrasilnoticias.com.br\/noticia\/mais-da-metade-dos-jovens-no-reino-unido-apoia-a-ideia-de-uma-ditadura-6797f946314c3\">Source link <\/a><\/p>","protected":false},"excerpt":{"rendered":"<p>No dia do anivers\u00e1rio da liberta\u00e7\u00e3o de Auschwitz, h\u00e1 80 anos, uma pesquisa publicada na primeira pagina do \u201cTimes\u201d mostra como mais da metade dos jovens brit\u00e2nicos apoiam um ditador&hellip;<\/p>","protected":false},"author":1,"featured_media":96458,"comment_status":"closed","ping_status":"open","sticky":false,"template":"","format":"standard","meta":{"content-type":"","footnotes":""},"categories":[16],"tags":[123,2448,5313,1267],"class_list":["post-96457","post","type-post","status-publish","format-standard","has-post-thumbnail","hentry","category-noticias","tag-brasil","tag-diario","tag-noticia","tag-noticias"],"_links":{"self":[{"href":"https:\/\/tvbrazilusa.com\/pt\/wp-json\/wp\/v2\/posts\/96457","targetHints":{"allow":["GET"]}}],"collection":[{"href":"https:\/\/tvbrazilusa.com\/pt\/wp-json\/wp\/v2\/posts"}],"about":[{"href":"https:\/\/tvbrazilusa.com\/pt\/wp-json\/wp\/v2\/types\/post"}],"author":[{"embeddable":true,"href":"https:\/\/tvbrazilusa.com\/pt\/wp-json\/wp\/v2\/users\/1"}],"replies":[{"embeddable":true,"href":"https:\/\/tvbrazilusa.com\/pt\/wp-json\/wp\/v2\/comments?post=96457"}],"version-history":[{"count":1,"href":"https:\/\/tvbrazilusa.com\/pt\/wp-json\/wp\/v2\/posts\/96457\/revisions"}],"predecessor-version":[{"id":96459,"href":"https:\/\/tvbrazilusa.com\/pt\/wp-json\/wp\/v2\/posts\/96457\/revisions\/96459"}],"wp:featuredmedia":[{"embeddable":true,"href":"https:\/\/tvbrazilusa.com\/pt\/wp-json\/wp\/v2\/media\/96458"}],"wp:attachment":[{"href":"https:\/\/tvbrazilusa.com\/pt\/wp-json\/wp\/v2\/media?parent=96457"}],"wp:term":[{"taxonomy":"category","embeddable":true,"href":"https:\/\/tvbrazilusa.com\/pt\/wp-json\/wp\/v2\/categories?post=96457"},{"taxonomy":"post_tag","embeddable":true,"href":"https:\/\/tvbrazilusa.com\/pt\/wp-json\/wp\/v2\/tags?post=96457"}],"curies":[{"name":"wp","href":"https:\/\/api.w.org\/{rel}","templated":true}]}}