{"id":96460,"date":"2025-01-27T23:16:25","date_gmt":"2025-01-27T23:16:25","guid":{"rendered":"https:\/\/tvbrazilusa.com\/2025\/01\/27\/a-declaracao-de-claudia-raia-sobre-ter-dado-um-vibrador-a-filha-aos-12-anos-gera-revolta\/"},"modified":"2025-01-27T23:16:26","modified_gmt":"2025-01-27T23:16:26","slug":"a-declaracao-de-claudia-raia-sobre-ter-dado-um-vibrador-a-filha-aos-12-anos-gera-revolta","status":"publish","type":"post","link":"https:\/\/tvbrazilusa.com\/pt\/2025\/01\/27\/a-declaracao-de-claudia-raia-sobre-ter-dado-um-vibrador-a-filha-aos-12-anos-gera-revolta\/","title":{"rendered":"A declara\u00e7\u00e3o de Cl\u00e1udia Raia sobre ter dado um vibrador \u00e0 filha aos 12 anos gera revolta"},"content":{"rendered":"<p> <script async src=\"https:\/\/pagead2.googlesyndication.com\/pagead\/js\/adsbygoogle.js?client=ca-pub-8864793242727901\"\r\n     crossorigin=\"anonymous\"><\/script><br \/>\n<\/p>\n<div id=\"taboola-read-more\" style=\"display:block; width:100%\">\n<p>A atriz Cl\u00e1udia Raia est\u00e1 sendo alvo de cr\u00edticas nas redes sociais ap\u00f3s revelar, em entrevista ao programa portugu\u00eas Goucha, que ofertou para a sua filha, Sofia, um vibrador ao completar 12 anos.\n<\/p>\n<p>Durante a conversa, Cl\u00e1udia explicou a inten\u00e7\u00e3o do gesto, que teria, segundo ela, a inten\u00e7\u00e3o de incentivar a filha a conhecer melhor o pr\u00f3prio corpo e suas prefer\u00eancias.<\/p>\n<p>\u201cQuando a Sofia fez 12 anos, eu dei um vibrador para ela e falei: \u201cV\u00e1 se investigar. V\u00e1 saber do que que voc\u00ea gosta\u201d, disse a atriz, provocando boicote entre os internautas.\n<\/p>\n<p>Enquanto alguns defenderam a atitude como uma forma de naturalizar conversas sobre sexualidade dentro da fam\u00edlia, outros repudiaram a postura de Cl\u00e1udia, considerando-a inadequada.\n<\/p>\n<p>A atriz brasileira est\u00e1 em Portugal para apresentar a pe\u00e7a Menopausa, que estreia na pr\u00f3xima quarta-feira (29) no Teatro Tivoli, em Lisboa.\n<\/p>\n<p>\u201cCom tanta coisa mais relevante para ensinar a um filho, ela resolve dar um vibrador como presente? Totalmente desnecess\u00e1rio\u201d, escreveu um internauta. Outro comentou: \u201cIsso ultrapassa os limites do bom senso. Algumas coisas deveriam ficar no \u00e2mbito privado, n\u00e3o numa entrevista internacional\u201d.\n<\/p>\n<p>Alguns usu\u00e1rios foram ainda mais pontuais, chamando a atitude de \u2018criminosa\u2019 e um exemplo equivocado de maternidade moderna. \u201cEla pode achar que est\u00e1 desconstruindo tabus, mas s\u00f3 causa pol\u00eamica vazia\u201d, emendou mais um.\n<\/p>\n<p>Fonte: Conex\u00e3o Pol\u00edtica              <\/p>\n<\/div>\n<p><br \/>\n<br \/><a href=\"https:\/\/diariodobrasilnoticias.com.br\/noticia\/a-declaracao-de-claudia-raia-sobre-ter-dado-um-vibrador-a-filha-aos-12-anos-gera-revolta-6797f8c52bb9e\">Source link <\/a><\/p>","protected":false},"excerpt":{"rendered":"<p>A atriz Cl\u00e1udia Raia est\u00e1 sendo alvo de cr\u00edticas nas redes sociais ap\u00f3s revelar, em entrevista ao programa portugu\u00eas Goucha, que ofertou para a sua filha, Sofia, um vibrador ao&hellip;<\/p>","protected":false},"author":1,"featured_media":96461,"comment_status":"closed","ping_status":"open","sticky":false,"template":"","format":"standard","meta":{"content-type":"","footnotes":""},"categories":[16],"tags":[123,2448,5313,1267],"class_list":["post-96460","post","type-post","status-publish","format-standard","has-post-thumbnail","hentry","category-noticias","tag-brasil","tag-diario","tag-noticia","tag-noticias"],"_links":{"self":[{"href":"https:\/\/tvbrazilusa.com\/pt\/wp-json\/wp\/v2\/posts\/96460","targetHints":{"allow":["GET"]}}],"collection":[{"href":"https:\/\/tvbrazilusa.com\/pt\/wp-json\/wp\/v2\/posts"}],"about":[{"href":"https:\/\/tvbrazilusa.com\/pt\/wp-json\/wp\/v2\/types\/post"}],"author":[{"embeddable":true,"href":"https:\/\/tvbrazilusa.com\/pt\/wp-json\/wp\/v2\/users\/1"}],"replies":[{"embeddable":true,"href":"https:\/\/tvbrazilusa.com\/pt\/wp-json\/wp\/v2\/comments?post=96460"}],"version-history":[{"count":1,"href":"https:\/\/tvbrazilusa.com\/pt\/wp-json\/wp\/v2\/posts\/96460\/revisions"}],"predecessor-version":[{"id":96462,"href":"https:\/\/tvbrazilusa.com\/pt\/wp-json\/wp\/v2\/posts\/96460\/revisions\/96462"}],"wp:featuredmedia":[{"embeddable":true,"href":"https:\/\/tvbrazilusa.com\/pt\/wp-json\/wp\/v2\/media\/96461"}],"wp:attachment":[{"href":"https:\/\/tvbrazilusa.com\/pt\/wp-json\/wp\/v2\/media?parent=96460"}],"wp:term":[{"taxonomy":"category","embeddable":true,"href":"https:\/\/tvbrazilusa.com\/pt\/wp-json\/wp\/v2\/categories?post=96460"},{"taxonomy":"post_tag","embeddable":true,"href":"https:\/\/tvbrazilusa.com\/pt\/wp-json\/wp\/v2\/tags?post=96460"}],"curies":[{"name":"wp","href":"https:\/\/api.w.org\/{rel}","templated":true}]}}