{"id":96503,"date":"2025-01-28T01:31:38","date_gmt":"2025-01-28T01:31:38","guid":{"rendered":"https:\/\/tvbrazilusa.com\/2025\/01\/28\/apos-a-tensao-com-os-eua-colombia-envia-dois-avioes-para-buscar-imigrantes\/"},"modified":"2025-01-28T01:31:39","modified_gmt":"2025-01-28T01:31:39","slug":"apos-a-tensao-com-os-eua-colombia-envia-dois-avioes-para-buscar-imigrantes","status":"publish","type":"post","link":"https:\/\/tvbrazilusa.com\/pt\/2025\/01\/28\/apos-a-tensao-com-os-eua-colombia-envia-dois-avioes-para-buscar-imigrantes\/","title":{"rendered":"Ap\u00f3s a tens\u00e3o com os EUA, Col\u00f4mbia envia dois avi\u00f5es para buscar imigrantes"},"content":{"rendered":"<p> <script async src=\"https:\/\/pagead2.googlesyndication.com\/pagead\/js\/adsbygoogle.js?client=ca-pub-8864793242727901\"\r\n     crossorigin=\"anonymous\"><\/script><br \/>\n<\/p>\n<div>\n<figure class=\"post-image\">\n<\/figure>\n<p>            <span style=\"font-size: 12px\">Geraint Rowland Photography\/Getty Images<\/span><\/p>\n<p>            <!-- end metas --><br \/>\n            <!-- ADS --><\/p>\n<div id=\"taboola-read-more\" style=\"display:block; width:100%\">\n<p>A Col\u00f4mbia est\u00e1 enviando dois avi\u00f5es do governo para pegar imigrantes que estavam originalmente programados para voltar em voos militares, de acordo com um funcion\u00e1rio da administra\u00e7\u00e3o do presidente dos Estados Unidos, Donald Trump, e um funcion\u00e1rio colombiano.\n<\/p>\n<p>Isso acontece depois de um grande conflito entre os Estados Unidos e a Col\u00f4mbia sobre dois voos militares transportando migrantes que foram abruptamente rejeitados no fim de semana \u2013 o que colocou os pa\u00edses \u00e0 beira de uma guerra comercial.<\/p>\n<p>Depois de uma tensa disputa que se desenrolou publicamente, a Casa Branca declarou no domingo (26) \u00e0 noite que a Col\u00f4mbia concordou em aceitar voos de deporta\u00e7\u00e3o \u2013 tanto em aeronaves civis quanto militares \u2013 e que as tarifas seriam suspensas at\u00e9 a implementa\u00e7\u00e3o do acordo.\n<\/p>\n<p>Na manh\u00e3 desta segunda-feira (27), dois avi\u00f5es estavam a caminho dos Estados Unidos para pegar migrantes colombianos que haviam cruzado recentemente a fronteira sul dos EUA, disseram autoridades \u00e0 CNN.\n<\/p>\n<p>A Col\u00f4mbia tamb\u00e9m concordou em refor\u00e7ar a regi\u00e3o de Dari\u00e9n, um trecho trai\u00e7oeiro de selva entre a Col\u00f4mbia e o Panam\u00e1 que os migrantes cruzam em sua jornada para os Estados Unidos, com mais m\u00e3o de obra, de acordo com o funcion\u00e1rio do governo Trump.\n<\/p>\n<p>A CNN entrou em contato com a Casa Branca e o governo colombiano para comentar.\n<\/p>\n<p>Fonte: CNN Brasil              <\/p>\n<\/div>\n<p>                        <!-- Scripts para conteudo --><\/p>\n<p>            <!-- .\/Scripts para conteudo --><br \/>\n            <!-- .\/Mat\u00e9ria --><\/p>\n<div class=\"row mt-3\">\n<div class=\"col-sm-6\">\n                <!-- Whatsapp channel 3--><br \/>\n                <a href=\"https:\/\/chat.whatsapp.com\/B8Qy6Erx4kb6yTzj3kaDco\" target=\"_blank\"><br \/>\n                  <img decoding=\"async\" src=\"https:\/\/diariodobrasilnoticias.com.br\/assets-site\/images\/bot_whatsapp.png\"\/><\/a>\n              <\/div>\n<div class=\"col-sm-6\">\n                <a href=\"https:\/\/t.me\/+_4gTmi5LKo03OTM5\" target=\"_blank\"><br \/>\n                  <img decoding=\"async\" src=\"https:\/\/diariodobrasilnoticias.com.br\/assets-site\/images\/bot_telegram.png\"\/><\/a>\n              <\/div>\n<\/p><\/div>\n<p>            <!-- end post-navigation --><\/p>\n<p>              <!-- end row --><\/p>\n<p>              <!-- end col-12-->\n                      <\/div>\n<p><br \/>\n<br \/><a href=\"https:\/\/diariodobrasilnoticias.com.br\/noticia\/apos-a-tensao-com-os-eua-colombia-envia-dois-avioes-para-buscar-imigrantes-679806c412362\">Source link <\/a><\/p>","protected":false},"excerpt":{"rendered":"<p>Geraint Rowland Photography\/Getty Images A Col\u00f4mbia est\u00e1 enviando dois avi\u00f5es do governo para pegar imigrantes que estavam originalmente programados para voltar em voos militares, de acordo com um funcion\u00e1rio da&hellip;<\/p>","protected":false},"author":1,"featured_media":96504,"comment_status":"closed","ping_status":"open","sticky":false,"template":"","format":"standard","meta":{"content-type":"","footnotes":""},"categories":[16],"tags":[123,2448,5313,1267],"class_list":["post-96503","post","type-post","status-publish","format-standard","has-post-thumbnail","hentry","category-noticias","tag-brasil","tag-diario","tag-noticia","tag-noticias"],"_links":{"self":[{"href":"https:\/\/tvbrazilusa.com\/pt\/wp-json\/wp\/v2\/posts\/96503","targetHints":{"allow":["GET"]}}],"collection":[{"href":"https:\/\/tvbrazilusa.com\/pt\/wp-json\/wp\/v2\/posts"}],"about":[{"href":"https:\/\/tvbrazilusa.com\/pt\/wp-json\/wp\/v2\/types\/post"}],"author":[{"embeddable":true,"href":"https:\/\/tvbrazilusa.com\/pt\/wp-json\/wp\/v2\/users\/1"}],"replies":[{"embeddable":true,"href":"https:\/\/tvbrazilusa.com\/pt\/wp-json\/wp\/v2\/comments?post=96503"}],"version-history":[{"count":1,"href":"https:\/\/tvbrazilusa.com\/pt\/wp-json\/wp\/v2\/posts\/96503\/revisions"}],"predecessor-version":[{"id":96505,"href":"https:\/\/tvbrazilusa.com\/pt\/wp-json\/wp\/v2\/posts\/96503\/revisions\/96505"}],"wp:featuredmedia":[{"embeddable":true,"href":"https:\/\/tvbrazilusa.com\/pt\/wp-json\/wp\/v2\/media\/96504"}],"wp:attachment":[{"href":"https:\/\/tvbrazilusa.com\/pt\/wp-json\/wp\/v2\/media?parent=96503"}],"wp:term":[{"taxonomy":"category","embeddable":true,"href":"https:\/\/tvbrazilusa.com\/pt\/wp-json\/wp\/v2\/categories?post=96503"},{"taxonomy":"post_tag","embeddable":true,"href":"https:\/\/tvbrazilusa.com\/pt\/wp-json\/wp\/v2\/tags?post=96503"}],"curies":[{"name":"wp","href":"https:\/\/api.w.org\/{rel}","templated":true}]}}