{"id":96506,"date":"2025-01-28T01:37:50","date_gmt":"2025-01-28T01:37:50","guid":{"rendered":"https:\/\/tvbrazilusa.com\/2025\/01\/28\/andreia-sadi-blogueira-da-globo-detona-lula-e-diz-que-o-problema-nao-e-de-comunicacao-e-sim-de-falta-de-rumo-veja-video\/"},"modified":"2025-01-28T01:37:52","modified_gmt":"2025-01-28T01:37:52","slug":"andreia-sadi-blogueira-da-globo-detona-lula-e-diz-que-o-problema-nao-e-de-comunicacao-e-sim-de-falta-de-rumo-veja-video","status":"publish","type":"post","link":"https:\/\/tvbrazilusa.com\/pt\/2025\/01\/28\/andreia-sadi-blogueira-da-globo-detona-lula-e-diz-que-o-problema-nao-e-de-comunicacao-e-sim-de-falta-de-rumo-veja-video\/","title":{"rendered":"Andr\u00e9ia Sadi blogueira da Globo detona Lula e diz que o problema n\u00e3o \u00e9 de comunica\u00e7\u00e3o e sim de falta de rumo; VEJA V\u00cdDEO"},"content":{"rendered":"<p> <script async src=\"https:\/\/pagead2.googlesyndication.com\/pagead\/js\/adsbygoogle.js?client=ca-pub-8864793242727901\"\r\n     crossorigin=\"anonymous\"><\/script><br \/>\n<\/p>\n<div id=\"taboola-read-more\" style=\"display:block; width:100%\">\n<p>Andr\u00e9ia Sadi, comentarista pol\u00edtica da GloboNews, criticou duramente o governo de Luiz In\u00e1cio Lula da Silva, afirmando que a queda na popularidade do presidente n\u00e3o se deve a problemas de comunica\u00e7\u00e3o, mas sim a uma falta de rumo claro e de uma marca definida para o governo. Segundo Sadi, a pesquisa Quaest que mostrou a desaprova\u00e7\u00e3o de Lula superando sua aprova\u00e7\u00e3o pela primeira vez reflete a realidade de um governo sem uma dire\u00e7\u00e3o clara\n<\/p>\n<p><strong>ASSISTA:<\/strong><\/p>\n<p>Fonte: Reprodu\u00e7\u00e3o \/ Globo News Ao Vivo              <\/p>\n<\/div>\n<p><br \/>\n<br \/><a href=\"https:\/\/diariodobrasilnoticias.com.br\/noticia\/andreia-sadi-blogueira-da-globo-detona-lula-e-diz-que-o-problema-nao-e-de-comunicacao-e-sim-de-falta-de-rumo-veja-video-679803537bdb3\">Source link <\/a><\/p>","protected":false},"excerpt":{"rendered":"<p>Andr\u00e9ia Sadi, comentarista pol\u00edtica da GloboNews, criticou duramente o governo de Luiz In\u00e1cio Lula da Silva, afirmando que a queda na popularidade do presidente n\u00e3o se deve a problemas de&hellip;<\/p>","protected":false},"author":1,"featured_media":96507,"comment_status":"closed","ping_status":"open","sticky":false,"template":"","format":"standard","meta":{"content-type":"","footnotes":""},"categories":[16],"tags":[123,2448,5313,1267],"class_list":["post-96506","post","type-post","status-publish","format-standard","has-post-thumbnail","hentry","category-noticias","tag-brasil","tag-diario","tag-noticia","tag-noticias"],"_links":{"self":[{"href":"https:\/\/tvbrazilusa.com\/pt\/wp-json\/wp\/v2\/posts\/96506","targetHints":{"allow":["GET"]}}],"collection":[{"href":"https:\/\/tvbrazilusa.com\/pt\/wp-json\/wp\/v2\/posts"}],"about":[{"href":"https:\/\/tvbrazilusa.com\/pt\/wp-json\/wp\/v2\/types\/post"}],"author":[{"embeddable":true,"href":"https:\/\/tvbrazilusa.com\/pt\/wp-json\/wp\/v2\/users\/1"}],"replies":[{"embeddable":true,"href":"https:\/\/tvbrazilusa.com\/pt\/wp-json\/wp\/v2\/comments?post=96506"}],"version-history":[{"count":1,"href":"https:\/\/tvbrazilusa.com\/pt\/wp-json\/wp\/v2\/posts\/96506\/revisions"}],"predecessor-version":[{"id":96508,"href":"https:\/\/tvbrazilusa.com\/pt\/wp-json\/wp\/v2\/posts\/96506\/revisions\/96508"}],"wp:featuredmedia":[{"embeddable":true,"href":"https:\/\/tvbrazilusa.com\/pt\/wp-json\/wp\/v2\/media\/96507"}],"wp:attachment":[{"href":"https:\/\/tvbrazilusa.com\/pt\/wp-json\/wp\/v2\/media?parent=96506"}],"wp:term":[{"taxonomy":"category","embeddable":true,"href":"https:\/\/tvbrazilusa.com\/pt\/wp-json\/wp\/v2\/categories?post=96506"},{"taxonomy":"post_tag","embeddable":true,"href":"https:\/\/tvbrazilusa.com\/pt\/wp-json\/wp\/v2\/tags?post=96506"}],"curies":[{"name":"wp","href":"https:\/\/api.w.org\/{rel}","templated":true}]}}