{"id":96515,"date":"2025-01-28T01:59:39","date_gmt":"2025-01-28T01:59:39","guid":{"rendered":"https:\/\/tvbrazilusa.com\/2025\/01\/28\/urgente-apos-confusao-da-colombia-mexico-abre-portas-para-deportados-dos-eua-e-outros-paises\/"},"modified":"2025-01-28T01:59:41","modified_gmt":"2025-01-28T01:59:41","slug":"urgente-apos-confusao-da-colombia-mexico-abre-portas-para-deportados-dos-eua-e-outros-paises","status":"publish","type":"post","link":"https:\/\/tvbrazilusa.com\/pt\/2025\/01\/28\/urgente-apos-confusao-da-colombia-mexico-abre-portas-para-deportados-dos-eua-e-outros-paises\/","title":{"rendered":"URGENTE: Ap\u00f3s confus\u00e3o da Col\u00f4mbia, M\u00e9xico Abre portas para deportados dos EUA e outros pa\u00edses"},"content":{"rendered":"<p> <script async src=\"https:\/\/pagead2.googlesyndication.com\/pagead\/js\/adsbygoogle.js?client=ca-pub-8864793242727901\"\r\n     crossorigin=\"anonymous\"><\/script><br \/>\n<\/p>\n<div>\n<figure class=\"post-image\">\n<\/figure>\n<p>            <span style=\"font-size: 12px\">Reprodu\u00e7\u00e3o\/X<\/span><\/p>\n<p>            <!-- end metas --><br \/>\n            <!-- ADS --><\/p>\n<div id=\"taboola-read-more\" style=\"display:block; width:100%\">\n<p>Ap\u00f3s o atrito entre os EUA e a Col\u00f4mbia acerca de deportados n\u00e3o serem aceitos em voo e medidas de retalia\u00e7\u00e3o americana, a presidente do M\u00e9xico, Claudia Sheinbaum, anunciou que o pa\u00eds est\u00e1 preparado para receber deportados n\u00e3o apenas de origem mexicana, mas tamb\u00e9m de outras nacionalidades que foram expulsos dos Estados Unidos. Esta mudan\u00e7a de pol\u00edtica ocorre em resposta \u00e0s promessas de deporta\u00e7\u00f5es em massa feitas pelo rec\u00e9m-empossado presidente americano, Donald Trump. Sheinbaum destacou que o M\u00e9xico n\u00e3o concorda com as deporta\u00e7\u00f5es unilaterais, mas se v\u00ea obrigado a se preparar para um poss\u00edvel influxo de pessoas, com planos que envolvem a colabora\u00e7\u00e3o de 34 ag\u00eancias federais e 16 governos estaduais para log\u00edstica, atendimento m\u00e9dico e assist\u00eancia social aos retornados.\n<\/p>\n<p><strong>Iniciativa &#8220;M\u00e9xico Abra\u00e7a Voc\u00ea&#8221; e Prepara\u00e7\u00f5es<\/strong><\/p>\n<p>A iniciativa batizada de &#8220;M\u00e9xico Abra\u00e7a Voc\u00ea&#8221; visa oferecer um acolhimento digno aos deportados, com planos detalhados que incluem o transporte, assist\u00eancia m\u00e9dica e a distribui\u00e7\u00e3o de cart\u00f5es de dinheiro no valor de US$ 100 para os rec\u00e9m-chegados. No entanto, especialistas questionam a prontid\u00e3o do governo mexicano para lidar com tal volume de pessoas, especialmente considerando a possibilidade de redu\u00e7\u00e3o da ajuda externa pelos EUA, o que poderia afetar a capacidade log\u00edstica e humanit\u00e1ria do pa\u00eds. A presidente tamb\u00e9m indicou que, embora o foco seja nos deportados mexicanos, h\u00e1 uma abertura para receber temporariamente estrangeiros deportados, embora com planos de retorno aos seus pa\u00edses de origem.\n<\/p>\n<p><strong>Impactos e Desafios na Fronteira<\/strong>\n<\/p>\n<p>A situa\u00e7\u00e3o na fronteira se complica ainda mais com a recusa do M\u00e9xico em aceitar voos militares dos EUA para deporta\u00e7\u00f5es, o que poderia levar a tens\u00f5es diplom\u00e1ticas adicionais.\n<\/p>\n<p>Por J\u00fanior Melo              <\/p>\n<\/div>\n<p>                        <!-- Scripts para conteudo --><\/p>\n<p>            <!-- .\/Scripts para conteudo --><br \/>\n            <!-- .\/Mat\u00e9ria --><\/p>\n<div class=\"row mt-3\">\n<div class=\"col-sm-6\">\n                <!-- Whatsapp channel 3--><br \/>\n                <a href=\"https:\/\/chat.whatsapp.com\/B8Qy6Erx4kb6yTzj3kaDco\" target=\"_blank\"><br \/>\n                  <img decoding=\"async\" src=\"https:\/\/diariodobrasilnoticias.com.br\/assets-site\/images\/bot_whatsapp.png\"\/><\/a>\n              <\/div>\n<div class=\"col-sm-6\">\n                <a href=\"https:\/\/t.me\/+_4gTmi5LKo03OTM5\" target=\"_blank\"><br \/>\n                  <img decoding=\"async\" src=\"https:\/\/diariodobrasilnoticias.com.br\/assets-site\/images\/bot_telegram.png\"\/><\/a>\n              <\/div>\n<\/p><\/div>\n<p>            <!-- end post-navigation --><\/p>\n<p>              <!-- end row --><\/p>\n<p>              <!-- end col-12-->\n                      <\/div>\n<p><br \/>\n<br \/><a href=\"https:\/\/diariodobrasilnoticias.com.br\/noticia\/urgente-apos-confusao-da-colombia-mexico-abre-portas-para-deportados-dos-eua-e-outros-paises-6797f202b1ba6\">Source link <\/a><\/p>","protected":false},"excerpt":{"rendered":"<p>Reprodu\u00e7\u00e3o\/X Ap\u00f3s o atrito entre os EUA e a Col\u00f4mbia acerca de deportados n\u00e3o serem aceitos em voo e medidas de retalia\u00e7\u00e3o americana, a presidente do M\u00e9xico, Claudia Sheinbaum, anunciou&hellip;<\/p>","protected":false},"author":1,"featured_media":96516,"comment_status":"closed","ping_status":"open","sticky":false,"template":"","format":"standard","meta":{"content-type":"","footnotes":""},"categories":[16],"tags":[123,2448,5313,1267],"class_list":["post-96515","post","type-post","status-publish","format-standard","has-post-thumbnail","hentry","category-noticias","tag-brasil","tag-diario","tag-noticia","tag-noticias"],"_links":{"self":[{"href":"https:\/\/tvbrazilusa.com\/pt\/wp-json\/wp\/v2\/posts\/96515","targetHints":{"allow":["GET"]}}],"collection":[{"href":"https:\/\/tvbrazilusa.com\/pt\/wp-json\/wp\/v2\/posts"}],"about":[{"href":"https:\/\/tvbrazilusa.com\/pt\/wp-json\/wp\/v2\/types\/post"}],"author":[{"embeddable":true,"href":"https:\/\/tvbrazilusa.com\/pt\/wp-json\/wp\/v2\/users\/1"}],"replies":[{"embeddable":true,"href":"https:\/\/tvbrazilusa.com\/pt\/wp-json\/wp\/v2\/comments?post=96515"}],"version-history":[{"count":1,"href":"https:\/\/tvbrazilusa.com\/pt\/wp-json\/wp\/v2\/posts\/96515\/revisions"}],"predecessor-version":[{"id":96517,"href":"https:\/\/tvbrazilusa.com\/pt\/wp-json\/wp\/v2\/posts\/96515\/revisions\/96517"}],"wp:featuredmedia":[{"embeddable":true,"href":"https:\/\/tvbrazilusa.com\/pt\/wp-json\/wp\/v2\/media\/96516"}],"wp:attachment":[{"href":"https:\/\/tvbrazilusa.com\/pt\/wp-json\/wp\/v2\/media?parent=96515"}],"wp:term":[{"taxonomy":"category","embeddable":true,"href":"https:\/\/tvbrazilusa.com\/pt\/wp-json\/wp\/v2\/categories?post=96515"},{"taxonomy":"post_tag","embeddable":true,"href":"https:\/\/tvbrazilusa.com\/pt\/wp-json\/wp\/v2\/tags?post=96515"}],"curies":[{"name":"wp","href":"https:\/\/api.w.org\/{rel}","templated":true}]}}