{"id":96518,"date":"2025-01-28T02:11:13","date_gmt":"2025-01-28T02:11:13","guid":{"rendered":"https:\/\/tvbrazilusa.com\/2025\/01\/28\/agora-eua-barraram-colombianos-que-chegaram-ao-pais-apos-crise-com-governo-petro\/"},"modified":"2025-01-28T02:11:15","modified_gmt":"2025-01-28T02:11:15","slug":"agora-eua-barraram-colombianos-que-chegaram-ao-pais-apos-crise-com-governo-petro","status":"publish","type":"post","link":"https:\/\/tvbrazilusa.com\/pt\/2025\/01\/28\/agora-eua-barraram-colombianos-que-chegaram-ao-pais-apos-crise-com-governo-petro\/","title":{"rendered":"AGORA: EUA barraram colombianos que chegaram ao pa\u00eds ap\u00f3s crise com governo Petro"},"content":{"rendered":"<p> <script async src=\"https:\/\/pagead2.googlesyndication.com\/pagead\/js\/adsbygoogle.js?client=ca-pub-8864793242727901\"\r\n     crossorigin=\"anonymous\"><\/script><br \/>\n<\/p>\n<div id=\"taboola-read-more\" style=\"display:block; width:100%\">\n<p>O governo Donald Trump aplicou retalia\u00e7\u00f5es e deportou colombianos que chegaram aos Estados Unidos, no domingo (26), antes de interromper a aplica\u00e7\u00e3o de san\u00e7\u00f5es tarif\u00e1rias \u00e0 Col\u00f4mbia.\n<\/p>\n<p>A Folha apurou que pelo menos duas pessoas portadoras do visto G-4, que trabalham nos EUA, ficaram detidas ao desembarcar no pa\u00eds. Elas tiveram a autoriza\u00e7\u00e3o de entrada cancelada e foram deportadas de volta \u00e0 na\u00e7\u00e3o sul-americana.<\/p>\n<p>O visto em quest\u00e3o \u00e9 concedido a pessoas que trabalham em organismos multilaterais.\n<\/p>\n<p>Ao menos um funcion\u00e1rio do Banco Mundial e outro do BID (Banco Interamericano de Desenvolvimento) foram impactados pela medida. Pessoas que atuam na OEA (Organiza\u00e7\u00e3o dos Estados Interamericanos) tamb\u00e9m foram afetadas.\n<\/p>\n<p>Um porta-voz do Banco Mundial afirmou que a institui\u00e7\u00e3o n\u00e3o costuma comentar casos espec\u00edficos e que a lideran\u00e7a do \u00f3rg\u00e3o est\u00e1 atuando ativamente junto \u00e0s autoridades americanas para resolver a quest\u00e3o, sem dar detalhes sobre o ocorrido. O BID tamb\u00e9m n\u00e3o comentou.\n<\/p>\n<p>O OEA (Organiza\u00e7\u00e3o dos Estados Americanos) tamb\u00e9m teve funcion\u00e1rios colombianos parados no aeroporto devido \u00e0 restri\u00e7\u00e3o de visto. O \u00f3rg\u00e3o enviou comunicado interno recomendando que colombianos que estiverem fora da sede evitem retornar aos Estados Unidos at\u00e9 que a situa\u00e7\u00e3o seja totalmente esclarecida.\n<\/p>\n<p>As deporta\u00e7\u00f5es ocorreram no contexto das san\u00e7\u00f5es anunciadas por Trump depois que o presidente da Col\u00f4mbia, Gustavo Petro, recusou receber voos com imigrantes de seu pa\u00eds expulsos dos EUA.\n<\/p>\n<p>Horas depois de Petro afirmar que n\u00e3o receberia os avi\u00f5es americanos, o republicano afirmou que determinaria a &#8220;proibi\u00e7\u00e3o de viagem e revoga\u00e7\u00e3o imediata de vistos para os oficiais do governo colombiano, e todos os aliados e apoiadores&#8221;.\n<\/p>\n<p>O governo tamb\u00e9m anunciou a suspens\u00e3o do processamento de pedidos de vistos em sua embaixada em Bogot\u00e1 em &#8220;resposta direta \u00e0 decis\u00e3o do presidente colombiano&#8221;.\n<\/p>\n<p>No final da noite deste domingo, a Casa Branca informou que o governo Petro havia recuado e concordado em receber dois voos militares dos EUA com imigrantes colombianos deportados. Com isso, o governo afirmou que Trump seguraria a assinatura de um decreto que imporia tarifas alfandeg\u00e1rias de 25% a produtos colombianos e as elevaria a 50% em uma semana.\n<\/p>\n<p>De acordo com a Casa Branca, o republicano vai manter, por\u00e9m, as san\u00e7\u00f5es ligadas a vistos emitidos a funcion\u00e1rios do governo colombiano at\u00e9 que os avi\u00f5es com os deportados retornem da Col\u00f4mbia.\n<\/p>\n<p>&#8220;O governo da Col\u00f4mbia concordou com todas as condi\u00e7\u00f5es do presidente Trump, incluindo a aceita\u00e7\u00e3o irrestrita de todos os imigrantes ilegais da Col\u00f4mbia retornados dos Estados Unidos, inclusive em aeronaves militares dos EUA, sem limita\u00e7\u00f5es ou atrasos&#8221;, diz o comunicado.\n<\/p>\n<p>Nesta segunda, o secret\u00e1rio de Estado, equivalente ao ministro das Rela\u00e7\u00f5es Exteriores dos Estados Unidos, afirmou que o governo est\u00e1 firme no compromisso de acabar com a imigra\u00e7\u00e3o ilegal.\n<\/p>\n<p>&#8220;O presidente Trump deixou claro que, sob sua administra\u00e7\u00e3o, a Am\u00e9rica n\u00e3o ser\u00e1 mais enganada nem explorada. \u00c9 responsabilidade de cada na\u00e7\u00e3o repatriar seus cidad\u00e3os que est\u00e3o presentes de forma ilegal nos Estados Unidos de forma s\u00e9ria e expedita&#8221;, afirmou Marco Rubio em comunicado.\n<\/p>\n<p>&#8220;O presidente colombiano Petro havia autorizado voos e fornecido todas as autoriza\u00e7\u00f5es necess\u00e1rias, mas cancelou sua autoriza\u00e7\u00e3o quando os avi\u00f5es j\u00e1 estavam no ar. Como demonstrado pelas a\u00e7\u00f5es de hoje, estamos firmes em nosso compromisso de acabar com a imigra\u00e7\u00e3o ilegal e fortalecer a seguran\u00e7a das fronteiras da Am\u00e9rica.&#8221;\n<\/p>\n<p>A Folha procurou o Departamento de Estado e a Embaixada da Col\u00f4mbia nos EUA para comentar as san\u00e7\u00f5es impostas no domingo, mas n\u00e3o obteve resposta.\n<\/p>\n<p>Fonte: Folha de S.Paulo              <\/p>\n<\/div>\n<p><br \/>\n<br \/><a href=\"https:\/\/diariodobrasilnoticias.com.br\/noticia\/agora-eua-barraram-colombianos-que-chegaram-ao-pais-apos-crise-com-governo-petro-6798134b653bc\">Source link <\/a><\/p>","protected":false},"excerpt":{"rendered":"<p>O governo Donald Trump aplicou retalia\u00e7\u00f5es e deportou colombianos que chegaram aos Estados Unidos, no domingo (26), antes de interromper a aplica\u00e7\u00e3o de san\u00e7\u00f5es tarif\u00e1rias \u00e0 Col\u00f4mbia. A Folha apurou&hellip;<\/p>","protected":false},"author":1,"featured_media":96519,"comment_status":"closed","ping_status":"open","sticky":false,"template":"","format":"standard","meta":{"content-type":"","footnotes":""},"categories":[16],"tags":[123,2448,5313,1267],"class_list":["post-96518","post","type-post","status-publish","format-standard","has-post-thumbnail","hentry","category-noticias","tag-brasil","tag-diario","tag-noticia","tag-noticias"],"_links":{"self":[{"href":"https:\/\/tvbrazilusa.com\/pt\/wp-json\/wp\/v2\/posts\/96518","targetHints":{"allow":["GET"]}}],"collection":[{"href":"https:\/\/tvbrazilusa.com\/pt\/wp-json\/wp\/v2\/posts"}],"about":[{"href":"https:\/\/tvbrazilusa.com\/pt\/wp-json\/wp\/v2\/types\/post"}],"author":[{"embeddable":true,"href":"https:\/\/tvbrazilusa.com\/pt\/wp-json\/wp\/v2\/users\/1"}],"replies":[{"embeddable":true,"href":"https:\/\/tvbrazilusa.com\/pt\/wp-json\/wp\/v2\/comments?post=96518"}],"version-history":[{"count":1,"href":"https:\/\/tvbrazilusa.com\/pt\/wp-json\/wp\/v2\/posts\/96518\/revisions"}],"predecessor-version":[{"id":96520,"href":"https:\/\/tvbrazilusa.com\/pt\/wp-json\/wp\/v2\/posts\/96518\/revisions\/96520"}],"wp:featuredmedia":[{"embeddable":true,"href":"https:\/\/tvbrazilusa.com\/pt\/wp-json\/wp\/v2\/media\/96519"}],"wp:attachment":[{"href":"https:\/\/tvbrazilusa.com\/pt\/wp-json\/wp\/v2\/media?parent=96518"}],"wp:term":[{"taxonomy":"category","embeddable":true,"href":"https:\/\/tvbrazilusa.com\/pt\/wp-json\/wp\/v2\/categories?post=96518"},{"taxonomy":"post_tag","embeddable":true,"href":"https:\/\/tvbrazilusa.com\/pt\/wp-json\/wp\/v2\/tags?post=96518"}],"curies":[{"name":"wp","href":"https:\/\/api.w.org\/{rel}","templated":true}]}}