{"id":96628,"date":"2025-01-28T13:02:06","date_gmt":"2025-01-28T13:02:06","guid":{"rendered":"https:\/\/tvbrazilusa.com\/2025\/01\/28\/lula-e-putin-conversam-por-telefone-e-presidente-brasileiro-anuncia-viagem-a-russia\/"},"modified":"2025-01-28T13:02:08","modified_gmt":"2025-01-28T13:02:08","slug":"lula-e-putin-conversam-por-telefone-e-presidente-brasileiro-anuncia-viagem-a-russia","status":"publish","type":"post","link":"https:\/\/tvbrazilusa.com\/pt\/2025\/01\/28\/lula-e-putin-conversam-por-telefone-e-presidente-brasileiro-anuncia-viagem-a-russia\/","title":{"rendered":"Lula e Putin conversam por telefone, e presidente brasileiro anuncia viagem \u00e0 R\u00fassia"},"content":{"rendered":"<p> <script async src=\"https:\/\/pagead2.googlesyndication.com\/pagead\/js\/adsbygoogle.js?client=ca-pub-8864793242727901\"\r\n     crossorigin=\"anonymous\"><\/script><br \/>\n<\/p>\n<div id=\"taboola-read-more\" style=\"display:block; width:100%\">\n<p>O presidente Luiz In\u00e1cio Lula da Silva disse ao presidente russo, Vladimir Putin, que deve ir \u00e0 R\u00fassia em maio. O petista conversou por telefone com Putin na segunda-feira 27 e afirmou que quer comparecer \u00e0 comemora\u00e7\u00e3o do Dia da Vit\u00f3ria, em 9 de maio.\n<\/p>\n<p>Nessa data, os russos celebram o triunfo sobre a Alemanha nazista na Segunda Guerra Mundial. A capitula\u00e7\u00e3o do regime de Adolf Hitler marcou o fim do conflito na Europa \u2014 mas a guerra continuou no Oceano Pac\u00edfico at\u00e9 os Estados Unidos derrotarem o Jap\u00e3o.<\/p>\n<p>A conversa entre os dois foi divulgada pela assessoria de imprensa do Planalto. \u201cO presidente Lula agradeceu o convite russo para a comemora\u00e7\u00e3o, em Moscou, dos 80 anos da vit\u00f3ria na Segunda Guerra Mundial, em 9 de maio, e indicou inten\u00e7\u00e3o de comparecer\u201d, afirma o governo.\n<\/p>\n<p>\u201cO presidente russo ressaltou que se encontrava hoje em S\u00e3o Petersburgo para a celebra\u00e7\u00e3o dos 80 anos do fim do cerco a Leningrado. Demonstrou satisfa\u00e7\u00e3o com perspectiva de receber o presidente brasileiro e fortalecer o relacionamento entre o Brasil e a R\u00fassia.\u201d\n<\/p>\n<p><strong>Irrelev\u00e2ncia do Brasil na solu\u00e7\u00e3o do conflito<\/strong><br \/>A conversa com Putin ocorre poucos dias depois de o presidente da Ucr\u00e2nia, Volodymyr Zelensky, dizer que Lula perdeu a relev\u00e2ncia para solu\u00e7\u00e3o do conflito com a R\u00fassia. Antes mesmo de assumir a Presid\u00eancia do Brasil, o petista dizia que seria um mediador e sugeria que a solu\u00e7\u00e3o seria f\u00e1cil.\n<\/p>\n<p>Por\u00e9m, a guerra \u2014 iniciada pela invas\u00e3o da Ucr\u00e2nia pela R\u00fassia \u2014 est\u00e1 perto de completar tr\u00eas anos. Nesse \u00ednterim, Lula fez diversas declara\u00e7\u00f5es \u2014 e foi muito criticado \u2014 especialmente por comparar a responsabilidade dos dois pa\u00edses.\n<\/p>\n<p><strong>Lula falou com Putin sobre a guerra<\/strong><br \/>Agora, na conversa com Putin, o Planalto disse que \u201cLula expressou sua preocupa\u00e7\u00e3o com o cen\u00e1rio internacional e reafirmou o compromisso do Brasil com a promo\u00e7\u00e3o da paz\u201d. A nota tamb\u00e9m afirma que \u201cPutin agradeceu a contribui\u00e7\u00e3o de atores como o Brasil para a busca de uma solu\u00e7\u00e3o para o conflito na Ucr\u00e2nia e demonstrou interesse pelos trabalhos do Grupo de Amigos da Paz, lan\u00e7ado pelo Brasil e pela China na ONU em setembro passado\u201d.\n<\/p>\n<p>\u201cOs dois mandat\u00e1rios acordaram seguir em permanente contato sobre esse tema\u201d, diz o comunicado.\n<\/p>\n<p>A nota ainda afirma que\u00a0Putin\u00a0cumprimentou o Brasil pelo lan\u00e7amento da Alian\u00e7a Global contra a Fome e a Pobreza e que sugeriu a retomada da Comiss\u00e3o Bilateral de Alto N\u00edvel entre russos e brasileiros. Al\u00e9m disso,\u00a0Putin\u00a0disse apoiar a presid\u00eancia brasileira no Brics.<\/p>\n<p>Fonte: Revista Oeste              <\/p>\n<\/div>\n<p><br \/>\n<br \/><a href=\"https:\/\/diariodobrasilnoticias.com.br\/noticia\/lula-e-putin-conversam-por-telefone-e-presidente-brasileiro-anuncia-viagem-a-russia-6798b9705cca6\">Source link <\/a><\/p>","protected":false},"excerpt":{"rendered":"<p>O presidente Luiz In\u00e1cio Lula da Silva disse ao presidente russo, Vladimir Putin, que deve ir \u00e0 R\u00fassia em maio. O petista conversou por telefone com Putin na segunda-feira 27&hellip;<\/p>","protected":false},"author":1,"featured_media":96629,"comment_status":"closed","ping_status":"open","sticky":false,"template":"","format":"standard","meta":{"content-type":"","footnotes":""},"categories":[16],"tags":[123,2448,5313,1267],"class_list":["post-96628","post","type-post","status-publish","format-standard","has-post-thumbnail","hentry","category-noticias","tag-brasil","tag-diario","tag-noticia","tag-noticias"],"_links":{"self":[{"href":"https:\/\/tvbrazilusa.com\/pt\/wp-json\/wp\/v2\/posts\/96628","targetHints":{"allow":["GET"]}}],"collection":[{"href":"https:\/\/tvbrazilusa.com\/pt\/wp-json\/wp\/v2\/posts"}],"about":[{"href":"https:\/\/tvbrazilusa.com\/pt\/wp-json\/wp\/v2\/types\/post"}],"author":[{"embeddable":true,"href":"https:\/\/tvbrazilusa.com\/pt\/wp-json\/wp\/v2\/users\/1"}],"replies":[{"embeddable":true,"href":"https:\/\/tvbrazilusa.com\/pt\/wp-json\/wp\/v2\/comments?post=96628"}],"version-history":[{"count":1,"href":"https:\/\/tvbrazilusa.com\/pt\/wp-json\/wp\/v2\/posts\/96628\/revisions"}],"predecessor-version":[{"id":96630,"href":"https:\/\/tvbrazilusa.com\/pt\/wp-json\/wp\/v2\/posts\/96628\/revisions\/96630"}],"wp:featuredmedia":[{"embeddable":true,"href":"https:\/\/tvbrazilusa.com\/pt\/wp-json\/wp\/v2\/media\/96629"}],"wp:attachment":[{"href":"https:\/\/tvbrazilusa.com\/pt\/wp-json\/wp\/v2\/media?parent=96628"}],"wp:term":[{"taxonomy":"category","embeddable":true,"href":"https:\/\/tvbrazilusa.com\/pt\/wp-json\/wp\/v2\/categories?post=96628"},{"taxonomy":"post_tag","embeddable":true,"href":"https:\/\/tvbrazilusa.com\/pt\/wp-json\/wp\/v2\/tags?post=96628"}],"curies":[{"name":"wp","href":"https:\/\/api.w.org\/{rel}","templated":true}]}}