{"id":96716,"date":"2025-01-28T17:47:08","date_gmt":"2025-01-28T17:47:08","guid":{"rendered":"https:\/\/tvbrazilusa.com\/2025\/01\/28\/segundo-a-pf-algemas-sao-uma-medida-padrao-adotada-pelo-governo-dos-eua-durante-deportacoes\/"},"modified":"2025-01-28T17:47:10","modified_gmt":"2025-01-28T17:47:10","slug":"segundo-a-pf-algemas-sao-uma-medida-padrao-adotada-pelo-governo-dos-eua-durante-deportacoes","status":"publish","type":"post","link":"https:\/\/tvbrazilusa.com\/pt\/2025\/01\/28\/segundo-a-pf-algemas-sao-uma-medida-padrao-adotada-pelo-governo-dos-eua-durante-deportacoes\/","title":{"rendered":"Segundo a PF, algemas s\u00e3o uma medida padr\u00e3o adotada pelo governo dos EUA durante deporta\u00e7\u00f5es"},"content":{"rendered":"<p> <script async src=\"https:\/\/pagead2.googlesyndication.com\/pagead\/js\/adsbygoogle.js?client=ca-pub-8864793242727901\"\r\n     crossorigin=\"anonymous\"><\/script><br \/>\n<\/p>\n<div id=\"taboola-read-more\" style=\"display:block; width:100%\">\n<p>A Pol\u00edcia Federal (PF) informou que o uso de algemas em migrantes deportados dos Estados Unidos sempre foi praxe do governo americano. De acordo com o portal G1, fontes ligadas \u00e0 PF esclarecem que essa pr\u00e1tica ocorre exclusivamente nos voos fretados pelo governo norte-americano para deporta\u00e7\u00e3o, como no caso do voo que trouxe os 88 deportados na \u00faltima semana.\n<\/p>\n<p>GOVERNO CRITICA ALGEMAS<br \/>No \u00faltimo domingo (26), o governo Lula (PT) emitiu uma nota oficial na qual criticou o que chamou de \u201ctratamento degradante\u201d dado aos deportados dos Estados Unidos para o Brasil nos \u00faltimos dias. Um grupo de 88 brasileiros desembarcou em Manaus (AM) na noite da \u00faltima sexta-feira (24) e seguiu posteriormente para Belo Horizonte (MG), onde chegaram na noite deste s\u00e1bado (25).<\/p>\n<p>Ao comentar o assunto, o governo federal afirmou que o \u201cuso indiscriminado de algemas e correntes\u201d violou \u201cos termos de acordo com os EUA, que prev\u00ea o tratamento digno, respeitoso e humano dos repatriados\u201d.\n<\/p>\n<p>BRASIL N\u00c3O USA ALGEMAS<br \/>No caso de estrangeiros deportados pelo Brasil, de acordo com fontes da PF, n\u00e3o h\u00e1 obriga\u00e7\u00e3o de uso de algemas, exceto quando o estado de \u00e2nimo ou situa\u00e7\u00e3o indique potencial de risco \u00e0 seguran\u00e7a do voo, avalia\u00e7\u00e3o que \u00e9 feita antecipadamente pela Pol\u00edcia Federal.\n<\/p>\n<p>Por essa raz\u00e3o, os agentes brasileiros que fazem a escolta de estrangeiros deportados contam com algemas que poder\u00e3o ser usadas durante o voo, se necess\u00e1rio. Diferentemente dos EUA, o Brasil n\u00e3o freta voos para deporta\u00e7\u00e3o em massa e, no m\u00e1ximo, deporta dois estrangeiros por vez e sempre em voos comerciais.\n<\/p>\n<p>No ano passado inteiro, por\u00e9m, o Brasil s\u00f3 fez quatro deporta\u00e7\u00f5es de estrangeiros em situa\u00e7\u00e3o irregular ap\u00f3s entrar no pa\u00eds, com prazo de estada vencido ou falta de registro migrat\u00f3rio. As deporta\u00e7\u00f5es s\u00e3o mais raras em territ\u00f3rio brasileiro porque a legisla\u00e7\u00e3o permite que o migrante apresente recurso e regularize a situa\u00e7\u00e3o.<\/p>\n<p>Fonnte: Pleno News              <\/p>\n<\/div>\n<p><br \/>\n<br \/><a href=\"https:\/\/diariodobrasilnoticias.com.br\/noticia\/segundo-a-pf-algemas-sao-uma-medida-padrao-adotada-pelo-governo-dos-eua-durante-deportacoes-6798e00a284c8\">Source link <\/a><\/p>","protected":false},"excerpt":{"rendered":"<p>A Pol\u00edcia Federal (PF) informou que o uso de algemas em migrantes deportados dos Estados Unidos sempre foi praxe do governo americano. De acordo com o portal G1, fontes ligadas&hellip;<\/p>","protected":false},"author":1,"featured_media":96717,"comment_status":"closed","ping_status":"open","sticky":false,"template":"","format":"standard","meta":{"content-type":"","footnotes":""},"categories":[16],"tags":[123,2448,5313,1267],"class_list":["post-96716","post","type-post","status-publish","format-standard","has-post-thumbnail","hentry","category-noticias","tag-brasil","tag-diario","tag-noticia","tag-noticias"],"_links":{"self":[{"href":"https:\/\/tvbrazilusa.com\/pt\/wp-json\/wp\/v2\/posts\/96716","targetHints":{"allow":["GET"]}}],"collection":[{"href":"https:\/\/tvbrazilusa.com\/pt\/wp-json\/wp\/v2\/posts"}],"about":[{"href":"https:\/\/tvbrazilusa.com\/pt\/wp-json\/wp\/v2\/types\/post"}],"author":[{"embeddable":true,"href":"https:\/\/tvbrazilusa.com\/pt\/wp-json\/wp\/v2\/users\/1"}],"replies":[{"embeddable":true,"href":"https:\/\/tvbrazilusa.com\/pt\/wp-json\/wp\/v2\/comments?post=96716"}],"version-history":[{"count":1,"href":"https:\/\/tvbrazilusa.com\/pt\/wp-json\/wp\/v2\/posts\/96716\/revisions"}],"predecessor-version":[{"id":96718,"href":"https:\/\/tvbrazilusa.com\/pt\/wp-json\/wp\/v2\/posts\/96716\/revisions\/96718"}],"wp:featuredmedia":[{"embeddable":true,"href":"https:\/\/tvbrazilusa.com\/pt\/wp-json\/wp\/v2\/media\/96717"}],"wp:attachment":[{"href":"https:\/\/tvbrazilusa.com\/pt\/wp-json\/wp\/v2\/media?parent=96716"}],"wp:term":[{"taxonomy":"category","embeddable":true,"href":"https:\/\/tvbrazilusa.com\/pt\/wp-json\/wp\/v2\/categories?post=96716"},{"taxonomy":"post_tag","embeddable":true,"href":"https:\/\/tvbrazilusa.com\/pt\/wp-json\/wp\/v2\/tags?post=96716"}],"curies":[{"name":"wp","href":"https:\/\/api.w.org\/{rel}","templated":true}]}}