{"id":96722,"date":"2025-01-28T18:01:12","date_gmt":"2025-01-28T18:01:12","guid":{"rendered":"https:\/\/tvbrazilusa.com\/2025\/01\/28\/os-herdeiros-de-abilio-diniz-optam-por-vender-suas-acoes-do-carrefour\/"},"modified":"2025-01-28T18:01:13","modified_gmt":"2025-01-28T18:01:13","slug":"os-herdeiros-de-abilio-diniz-optam-por-vender-suas-acoes-do-carrefour","status":"publish","type":"post","link":"https:\/\/tvbrazilusa.com\/pt\/2025\/01\/28\/os-herdeiros-de-abilio-diniz-optam-por-vender-suas-acoes-do-carrefour\/","title":{"rendered":"Os herdeiros de Abilio Diniz optam por vender suas a\u00e7\u00f5es do Carrefour"},"content":{"rendered":"<p> <script async src=\"https:\/\/pagead2.googlesyndication.com\/pagead\/js\/adsbygoogle.js?client=ca-pub-8864793242727901\"\r\n     crossorigin=\"anonymous\"><\/script><br \/>\n<\/p>\n<div id=\"taboola-read-more\" style=\"display:block; width:100%\">\n<p>Os herdeiros de Abilio Diniz, que faleceu em fevereiro de 2024 aos 87 anos, decidiram vender as a\u00e7\u00f5es que a fam\u00edlia possui no Carrefour. Eles possuem 9,23% da empresa global, avaliada em cerca de US$ 800 milh\u00f5es (R$ 4,7 bilh\u00f5es). Tamb\u00e9m det\u00eam 10,24% da opera\u00e7\u00e3o brasileira, que vale aproximadamente R$ 1,4 bilh\u00e3o. Essa venda representa uma mudan\u00e7a importante na gest\u00e3o do vasto patrim\u00f4nio deixado por Abilio, que foi um dos nomes mais influentes do varejo no Brasil.\n<\/p>\n<p>Abilio Diniz ocupava a posi\u00e7\u00e3o de 21\u00ba homem mais rico do Brasil, segundo a revista Forbes. Sua heran\u00e7a ser\u00e1 dividida entre os herdeiros de Abilio Diniz, incluindo a vi\u00fava, filhos, netos e bisnetos, conforme as regras de sucess\u00e3o no Brasil.<\/p>\n<p><strong>Quem S\u00e3o os Herdeiros de Abilio Diniz?<\/strong><br \/>Os herdeiros de Abilio Diniz incluem cinco filhos, 18 netos e seis bisnetos. Entre os filhos est\u00e3o Ana Maria (63), Adriana (55) e Pedro Paulo (53), frutos do primeiro casamento. Rafaela (17) e Miguel (14), filhos do segundo casamento com Geyze Diniz, tamb\u00e9m fazem parte da divis\u00e3o. Jo\u00e3o Paulo, o sexto filho, faleceu em 2022, e seus quatro filhos ter\u00e3o direito \u00e0 parte correspondente do patrim\u00f4nio. A vi\u00fava pode ter sido beneficiada, dependendo dos desejos expressos por Abilio no testamento.\n<\/p>\n<p>A lei brasileira determina que 50% do patrim\u00f4nio, avaliado em mais de R$ 12 bilh\u00f5es, deve ser dividida igualmente entre os herdeiros naturais de Abilio Diniz. A outra metade pode ser distribu\u00edda conforme o testamento, mas deve respeitar os limites legais.\n<\/p>\n<p><strong>Como Est\u00e1 Organizado o Patrim\u00f4nio de Abilio?<\/strong><br \/>Grande parte do patrim\u00f4nio deixado aos herdeiros de Abilio Diniz est\u00e1 concentrada na Pen\u00ednsula Participa\u00e7\u00f5es, uma holding de investimentos criada em 2006. Essa empresa administra cinco \u00e1reas principais: participa\u00e7\u00e3o em empresas, venture capital, gest\u00e3o de recursos financeiros, gest\u00e3o patrimonial e filantropia, por meio do Instituto Pen\u00ednsula.\n<\/p>\n<p>Geyze Diniz, vi\u00fava do empres\u00e1rio, e os filhos Ana Maria e Pedro Paulo participam do conselho de administra\u00e7\u00e3o da holding. Os demais herdeiros t\u00eam participa\u00e7\u00e3o menor ou atuam indiretamente nos neg\u00f3cios.\n<\/p>\n<p>A venda das a\u00e7\u00f5es do Carrefour pode trazer mudan\u00e7as importantes para o mercado e para os herdeiros de Abilio Diniz. Voc\u00ea acredita que essa decis\u00e3o impactar\u00e1 o setor de varejo?<\/p>\n<p>Fonte: Economic News Brasil              <\/p>\n<\/div>\n<p><br \/>\n<br \/><a href=\"https:\/\/diariodobrasilnoticias.com.br\/noticia\/os-herdeiros-de-abilio-diniz-optam-por-vender-suas-acoes-do-carrefour-6798f6055aa36\">Source link <\/a><\/p>","protected":false},"excerpt":{"rendered":"<p>Os herdeiros de Abilio Diniz, que faleceu em fevereiro de 2024 aos 87 anos, decidiram vender as a\u00e7\u00f5es que a fam\u00edlia possui no Carrefour. Eles possuem 9,23% da empresa global,&hellip;<\/p>","protected":false},"author":1,"featured_media":96723,"comment_status":"closed","ping_status":"open","sticky":false,"template":"","format":"standard","meta":{"content-type":"","footnotes":""},"categories":[16],"tags":[123,2448,5313,1267],"class_list":["post-96722","post","type-post","status-publish","format-standard","has-post-thumbnail","hentry","category-noticias","tag-brasil","tag-diario","tag-noticia","tag-noticias"],"_links":{"self":[{"href":"https:\/\/tvbrazilusa.com\/pt\/wp-json\/wp\/v2\/posts\/96722","targetHints":{"allow":["GET"]}}],"collection":[{"href":"https:\/\/tvbrazilusa.com\/pt\/wp-json\/wp\/v2\/posts"}],"about":[{"href":"https:\/\/tvbrazilusa.com\/pt\/wp-json\/wp\/v2\/types\/post"}],"author":[{"embeddable":true,"href":"https:\/\/tvbrazilusa.com\/pt\/wp-json\/wp\/v2\/users\/1"}],"replies":[{"embeddable":true,"href":"https:\/\/tvbrazilusa.com\/pt\/wp-json\/wp\/v2\/comments?post=96722"}],"version-history":[{"count":1,"href":"https:\/\/tvbrazilusa.com\/pt\/wp-json\/wp\/v2\/posts\/96722\/revisions"}],"predecessor-version":[{"id":96724,"href":"https:\/\/tvbrazilusa.com\/pt\/wp-json\/wp\/v2\/posts\/96722\/revisions\/96724"}],"wp:featuredmedia":[{"embeddable":true,"href":"https:\/\/tvbrazilusa.com\/pt\/wp-json\/wp\/v2\/media\/96723"}],"wp:attachment":[{"href":"https:\/\/tvbrazilusa.com\/pt\/wp-json\/wp\/v2\/media?parent=96722"}],"wp:term":[{"taxonomy":"category","embeddable":true,"href":"https:\/\/tvbrazilusa.com\/pt\/wp-json\/wp\/v2\/categories?post=96722"},{"taxonomy":"post_tag","embeddable":true,"href":"https:\/\/tvbrazilusa.com\/pt\/wp-json\/wp\/v2\/tags?post=96722"}],"curies":[{"name":"wp","href":"https:\/\/api.w.org\/{rel}","templated":true}]}}