{"id":96725,"date":"2025-01-28T17:58:43","date_gmt":"2025-01-28T17:58:43","guid":{"rendered":"https:\/\/tvbrazilusa.com\/2025\/01\/28\/o-adolescente-nao-sera-processado-por-ameaca-de-facao-nas-pesquisas-jacksonville-hoje\/"},"modified":"2025-01-28T18:04:33","modified_gmt":"2025-01-28T18:04:33","slug":"o-adolescente-nao-sera-processado-por-ameaca-de-facao-nas-pesquisas-jacksonville-hoje","status":"publish","type":"post","link":"https:\/\/tvbrazilusa.com\/pt\/2025\/01\/28\/o-adolescente-nao-sera-processado-por-ameaca-de-facao-nas-pesquisas-jacksonville-hoje\/","title":{"rendered":"O adolescente n\u00e3o ser\u00e1 processado por amea\u00e7a de fac\u00e3o nas pesquisas | Jacksonville hoje"},"content":{"rendered":"<p> <script async src=\"https:\/\/pagead2.googlesyndication.com\/pagead\/js\/adsbygoogle.js?client=ca-pub-8864793242727901\"\r\n     crossorigin=\"anonymous\"><\/script><br \/>\n<\/p>\n<div>\n<p>O escrit\u00f3rio do procurador do estado disse que n\u00e3o ser\u00e1 seguido por acusa\u00e7\u00f5es contra um acusado de 18 anos de idade <a href=\"https:\/\/jaxtoday.org\/2024\/10\/30\/machete-threat-voters\/\">Antagonizando apoiadores de Kamala Harris<\/a> com um fac\u00e3o em uma delegacia em Neptune Beach.<\/p>\n<p>A pol\u00edcia disse que o adolescente fazia parte de um grupo de oito adolescentes, com idades entre 16 e 18 anos, que parou na biblioteca da filial da praia durante a vota\u00e7\u00e3o antecipada no final de outubro e confrontou um grupo de mulheres com sinais pol\u00edticos.<\/p>\n<p>Na \u00e9poca, o chefe de pol\u00edcia disse que o adolescente, um estudante de Fletcher High, brandiu agressivamente um fac\u00e3o para duas mulheres, com 71 e 54 anos de idade.<\/p>\n<p>Ele foi acusado de agress\u00e3o agravada, uma exposi\u00e7\u00e3o inadequada de uma arma de fogo ou armas perigosas e intimida\u00e7\u00e3o de eleitores e foi condenada a ficar a pelo menos 1.000 p\u00e9s de dist\u00e2ncia de qualquer local de vota\u00e7\u00e3o, a menos que estivesse votando.<\/p>\n<p>Mas o escrit\u00f3rio do procurador estadual tem desde ent\u00e3o <a href=\"https:\/\/www.news4jax.com\/news\/local\/2025\/01\/28\/state-attorney-drops-charges-against-teen-accused-of-wielding-machete-to-threaten-kamala-harris-supporters-at-precinct\/\" rel=\"nofollow noopener\" target=\"_blank\">caiu todas as acusa\u00e7\u00f5es<\/a> contra ele.<\/p>\n<p>Os promotores disseram que n\u00e3o tinha hist\u00f3rico criminal.<\/p>\n<p>Eles disseram que ele estava com seus amigos &#8220;segurando ferramentas&#8221; e &#8220;apoiando em voz alta o candidato presidencial&#8221; no local da vota\u00e7\u00e3o, mas &#8220;nenhum eleitor deixou a pesquisa devido a intimida\u00e7\u00e3o&#8221;.<\/p>\n<p>O escrit\u00f3rio do procurador do estado disse que, embora o &#8220;ato do adolescente tenha sido mal recomendado e talvez zeloso&#8221;, eles n\u00e3o acham que as a\u00e7\u00f5es &#8220;aumentam para o n\u00edvel de intimida\u00e7\u00e3o do eleitor&#8221;.<\/p>\n<p>Nenhum dos outros adolescentes envolvidos no incidente foi acusado.<\/p>\n<p>O News4Jax obteve a liga\u00e7\u00e3o do 911 de uma mulher que assistiu quando os adolescentes entram no local e confrontaram o grupo.<\/p>\n<p>&#8220;H\u00e1 um caminh\u00e3o cheio de meninos na biblioteca puxando fac\u00f5es para fora de seu caminh\u00e3o&#8221;, disse o fren\u00e9tico interlocutor do 911. &#8220;Eles t\u00eam fac\u00f5es.&#8221;<\/p>\n<p>Um dos detentores de sinais, que n\u00e3o queria ser identificado, disse que os adolescentes se aproximaram dela.<\/p>\n<p>&#8220;Havia tantas pessoas ao nosso redor assistindo isso acontecendo&#8221;, disse ela.<\/p>\n<p>A mulher descreveu a sequ\u00eancia de eventos.<\/p>\n<p>\u201cEstamos ali acenando com nossos sinais em apoio \u00e0 campanha Harris e esse grupo de adolescentes parou em um SUV preto. Eles entraram no estacionamento da maneira errada gritando e gritando, agitando suas bandeiras de Trump. \u201d<\/p>\n<p>Os registros mostram que o adolescente com o fac\u00e3o \u00e9 um republicano registrado.<\/p>\n<p>\u201cEles se abaixam at\u00e9 n\u00f3s o mais pr\u00f3ximo que voc\u00ea est\u00e1 acenando com a bandeira deles na minha cara. Nos viramos e dissemos para eles irem embora. Vamos ligar para a pol\u00edcia \u201d, disse ela.<\/p>\n<p>\u201cEle estava tentando nos assustar, voc\u00ea sabe, tentando nos intimidar. Isso \u00e9 contra a lei para intimidar os eleitores \u201d, disse ela.<\/p>\n<p><em>Esta hist\u00f3ria foi produzida por <a href=\"https:\/\/www.news4jax.com\/\" rel=\"nofollow noopener\" target=\"_blank\">News4Jax<\/a>a <\/em>Jacksonville hoje<em> Parceiro de not\u00edcias.<\/em><\/p>\n<\/div>\n<p><br \/>\n<br \/><a href=\"https:\/\/jaxtoday.org\/2025\/01\/28\/machete-charges-dropped-election\/\">Source link <\/a><\/p>","protected":false},"excerpt":{"rendered":"<p>O escrit\u00f3rio do procurador do estado disse que n\u00e3o ser\u00e1 seguido por acusa\u00e7\u00f5es contra um acusado de 18 anos de idade Antagonizando apoiadores de Kamala Harris com um fac\u00e3o em&hellip;<\/p>","protected":false},"author":1,"featured_media":96726,"comment_status":"closed","ping_status":"open","sticky":false,"template":"","format":"standard","meta":{"content-type":"","footnotes":""},"categories":[1],"tags":[],"class_list":["post-96725","post","type-post","status-publish","format-standard","has-post-thumbnail","hentry","category-uncategorized"],"_links":{"self":[{"href":"https:\/\/tvbrazilusa.com\/pt\/wp-json\/wp\/v2\/posts\/96725","targetHints":{"allow":["GET"]}}],"collection":[{"href":"https:\/\/tvbrazilusa.com\/pt\/wp-json\/wp\/v2\/posts"}],"about":[{"href":"https:\/\/tvbrazilusa.com\/pt\/wp-json\/wp\/v2\/types\/post"}],"author":[{"embeddable":true,"href":"https:\/\/tvbrazilusa.com\/pt\/wp-json\/wp\/v2\/users\/1"}],"replies":[{"embeddable":true,"href":"https:\/\/tvbrazilusa.com\/pt\/wp-json\/wp\/v2\/comments?post=96725"}],"version-history":[{"count":1,"href":"https:\/\/tvbrazilusa.com\/pt\/wp-json\/wp\/v2\/posts\/96725\/revisions"}],"predecessor-version":[{"id":96727,"href":"https:\/\/tvbrazilusa.com\/pt\/wp-json\/wp\/v2\/posts\/96725\/revisions\/96727"}],"wp:featuredmedia":[{"embeddable":true,"href":"https:\/\/tvbrazilusa.com\/pt\/wp-json\/wp\/v2\/media\/96726"}],"wp:attachment":[{"href":"https:\/\/tvbrazilusa.com\/pt\/wp-json\/wp\/v2\/media?parent=96725"}],"wp:term":[{"taxonomy":"category","embeddable":true,"href":"https:\/\/tvbrazilusa.com\/pt\/wp-json\/wp\/v2\/categories?post=96725"},{"taxonomy":"post_tag","embeddable":true,"href":"https:\/\/tvbrazilusa.com\/pt\/wp-json\/wp\/v2\/tags?post=96725"}],"curies":[{"name":"wp","href":"https:\/\/api.w.org\/{rel}","templated":true}]}}