{"id":96730,"date":"2025-01-28T18:15:57","date_gmt":"2025-01-28T18:15:57","guid":{"rendered":"https:\/\/tvbrazilusa.com\/2025\/01\/28\/o-que-acontece-se-trump-sobretaxar-o-brasil-veja-os-impactos-na-nossa-economia\/"},"modified":"2025-01-28T18:15:59","modified_gmt":"2025-01-28T18:15:59","slug":"o-que-acontece-se-trump-sobretaxar-o-brasil-veja-os-impactos-na-nossa-economia","status":"publish","type":"post","link":"https:\/\/tvbrazilusa.com\/pt\/2025\/01\/28\/o-que-acontece-se-trump-sobretaxar-o-brasil-veja-os-impactos-na-nossa-economia\/","title":{"rendered":"O que acontece se Trump sobretaxar o Brasil? Veja os impactos na nossa economia"},"content":{"rendered":"<p> <script async src=\"https:\/\/pagead2.googlesyndication.com\/pagead\/js\/adsbygoogle.js?client=ca-pub-8864793242727901\"\r\n     crossorigin=\"anonymous\"><\/script><br \/>\n<\/p>\n<div id=\"taboola-read-more\" style=\"display:block; width:100%\">\n<p>O impasse moment\u00e2neo criado pelo presidente colombiano, Gustavo Petro, que se recusou a receber avi\u00f5es com imigrantes ilegais deportados dos Estados Unidos, reacendeu o sinal de alerta para as altas tarif\u00e1rias t\u00e3o alardeadas pelo novo presidente norte-americano. A julgar por sua postura no caso das deporta\u00e7\u00f5es, o Brasil tamb\u00e9m corre o risco de entrar na mira de Donald Trump e ser afetado por sobretaxas nos EUA.\n<\/p>\n<p>E n\u00e3o s\u00f3: nosso pa\u00eds est\u00e1 suscet\u00edvel a san\u00e7\u00f5es em raz\u00e3o de pelo menos outras tr\u00eas situa\u00e7\u00f5es: o uso de moedas alternativas ao d\u00f3lar em transa\u00e7\u00f5es comerciais com pa\u00edses dos Brics, a cobran\u00e7a de imposto m\u00ednimo de 15% sobre o lucro de multinacionais e o alegado uso do sistema judicial para perseguir opositores (leia mais abaixo).<\/p>\n<p>Trump anunciou no domingo (26) um aumento para 25% na tarifa de importa\u00e7\u00e3o sobre produtos colombianos, a ser elevada a 50% ap\u00f3s uma semana, em resposta \u00e0 postura do mandat\u00e1rio colombiano em rela\u00e7\u00e3o \u00e0s deporta\u00e7\u00f5es.\n<\/p>\n<p>Petro retrucou na mesma moeda e amea\u00e7ou replicar as al\u00edquotas aos produtos americanos, antes de ceder em entrar em acordo com os EUA sobre a deporta\u00e7\u00e3o dos ilegais. O an\u00fancio de entendimento veio na manh\u00e3 desta segunda-feira (27), quando o governo dos EUA afirmou que n\u00e3o foi assinada a ordem para eleva\u00e7\u00e3o tarif\u00e1ria. Ainda assim, o Banco Mundial avisou que o governo norte-americano revogou vistos de trabalho de colombianos.\n<\/p>\n<p>Ocorre que, antes mesmo de Petro se arvorar contra o modus operandi das deporta\u00e7\u00f5es, o Brasil j\u00e1 tinha protagonizado papel semelhante. No domingo (26), o governo de Luiz In\u00e1cio Lula da Silva, por meio do Minist\u00e9rio das Rela\u00e7\u00f5es Exteriores, disse que solicitar\u00e1 esclarecimentos do governo americano por suposta viola\u00e7\u00e3o do acordo de deporta\u00e7\u00e3o entre ambos os pa\u00edses.\n<\/p>\n<p>Segundo a chancelaria brasileira, os Estados Unidos violaram as regras ao enviar os imigrantes ilegais de volta ao Brasil algemados e acorrentados durante o voo, em situa\u00e7\u00e3o &#8220;degradante&#8221;.\n<\/p>\n<p>No entanto, somente nos dois primeiros anos da terceira gest\u00e3o petista, a administra\u00e7\u00e3o do ex-presidente Joe Biden enviou 32 voos com deportados. Os procedimentos para o transporte dessas pessoas s\u00e3o padr\u00e3o e independem da gest\u00e3o.\n<\/p>\n<p>O governo americano ainda n\u00e3o respondeu ao pedido de esclarecimento da chancelaria brasileira, mas a resposta de Trump a Petro indica que o espa\u00e7o para manobras pode ser escasso. E as consequ\u00eancias, se vierem, tendem a ser impactantes: os Estados Unidos s\u00e3o o segundo parceiro comercial do Brasil.\n<\/p>\n<p>Nesta segunda-feira (27), Lula convocou uma reuni\u00e3o com o ministro das Rela\u00e7\u00f5es Exteriores, Mauro Vieira, para tratar do posicionamento do Brasil diante da controv\u00e9rsia entre Col\u00f4mbia e EUA. Mas o petista deve trabalhar a crise dos deportados internamente e vai evitar afrontas a Trump, segundo fontes no governo ouvidas pela Gazeta do Povo.\n<\/p>\n<p>O encontro tamb\u00e9m visou acertar a conduta do pa\u00eds na reuni\u00e3o de emerg\u00eancia da Comunidade dos Estados Latino-Americanos e Caribenhos (Celac), convocada por Petro para tratar do tema. O encontro ser\u00e1 realizado na pr\u00f3xima quinta-feira (30), em Honduras, mas Lula n\u00e3o deve viajar para o pa\u00eds caribenho.<\/p>\n<p>Fonte: Gazeta do Povo              <\/p>\n<\/div>\n<p><br \/>\n<br \/><a href=\"https:\/\/diariodobrasilnoticias.com.br\/noticia\/o-que-acontece-se-trump-sobretaxar-o-brasil-veja-os-impactos-na-nossa-economia-6798fbbbba448\">Source link <\/a><\/p>","protected":false},"excerpt":{"rendered":"<p>O impasse moment\u00e2neo criado pelo presidente colombiano, Gustavo Petro, que se recusou a receber avi\u00f5es com imigrantes ilegais deportados dos Estados Unidos, reacendeu o sinal de alerta para as altas&hellip;<\/p>","protected":false},"author":1,"featured_media":96731,"comment_status":"closed","ping_status":"open","sticky":false,"template":"","format":"standard","meta":{"content-type":"","footnotes":""},"categories":[16],"tags":[123,2448,5313,1267],"class_list":["post-96730","post","type-post","status-publish","format-standard","has-post-thumbnail","hentry","category-noticias","tag-brasil","tag-diario","tag-noticia","tag-noticias"],"_links":{"self":[{"href":"https:\/\/tvbrazilusa.com\/pt\/wp-json\/wp\/v2\/posts\/96730","targetHints":{"allow":["GET"]}}],"collection":[{"href":"https:\/\/tvbrazilusa.com\/pt\/wp-json\/wp\/v2\/posts"}],"about":[{"href":"https:\/\/tvbrazilusa.com\/pt\/wp-json\/wp\/v2\/types\/post"}],"author":[{"embeddable":true,"href":"https:\/\/tvbrazilusa.com\/pt\/wp-json\/wp\/v2\/users\/1"}],"replies":[{"embeddable":true,"href":"https:\/\/tvbrazilusa.com\/pt\/wp-json\/wp\/v2\/comments?post=96730"}],"version-history":[{"count":1,"href":"https:\/\/tvbrazilusa.com\/pt\/wp-json\/wp\/v2\/posts\/96730\/revisions"}],"predecessor-version":[{"id":96732,"href":"https:\/\/tvbrazilusa.com\/pt\/wp-json\/wp\/v2\/posts\/96730\/revisions\/96732"}],"wp:featuredmedia":[{"embeddable":true,"href":"https:\/\/tvbrazilusa.com\/pt\/wp-json\/wp\/v2\/media\/96731"}],"wp:attachment":[{"href":"https:\/\/tvbrazilusa.com\/pt\/wp-json\/wp\/v2\/media?parent=96730"}],"wp:term":[{"taxonomy":"category","embeddable":true,"href":"https:\/\/tvbrazilusa.com\/pt\/wp-json\/wp\/v2\/categories?post=96730"},{"taxonomy":"post_tag","embeddable":true,"href":"https:\/\/tvbrazilusa.com\/pt\/wp-json\/wp\/v2\/tags?post=96730"}],"curies":[{"name":"wp","href":"https:\/\/api.w.org\/{rel}","templated":true}]}}