{"id":96739,"date":"2025-01-28T18:31:54","date_gmt":"2025-01-28T18:31:54","guid":{"rendered":"https:\/\/tvbrazilusa.com\/2025\/01\/28\/procurador-geral-financiamento-federal-freeze-um-ataque-completo-as-familias-de-connecticut\/"},"modified":"2025-01-28T18:34:44","modified_gmt":"2025-01-28T18:34:44","slug":"procurador-geral-financiamento-federal-freeze-um-ataque-completo-as-familias-de-connecticut","status":"publish","type":"post","link":"https:\/\/tvbrazilusa.com\/pt\/2025\/01\/28\/procurador-geral-financiamento-federal-freeze-um-ataque-completo-as-familias-de-connecticut\/","title":{"rendered":"Procurador -Geral: Financiamento Federal Freeze &#8216;Um ataque completo \u00e0s fam\u00edlias de Connecticut&#8217; &#8216;"},"content":{"rendered":"<script async src=\"https:\/\/pagead2.googlesyndication.com\/pagead\/js\/adsbygoogle.js?client=ca-pub-8864793242727901\"\r\n     crossorigin=\"anonymous\"><\/script>\n<p>HARTFORD, CONN (WTNH) &#8211; O procurador -geral de Connecticut William Tong disse na ter\u00e7a -feira que o <a href=\"https:\/\/www.wtnh.com\/news\/national\/trump-administration-freezes-nearly-all-federal-loans-and-grants\/\" data-type=\"post\" data-id=\"2100757\">Ordem do governo Trump para ag\u00eancias federais pausar<\/a> O desembolso de empr\u00e9stimos e concede um &#8220;ataque sem precedentes e flagrantemente sem lei e inconstitucional&#8221;. <\/p>\n<p>Um memorando emitido pelo diretor interino do Escrit\u00f3rio de Gerenciamento e Or\u00e7amento (OMB) Matthew Vaeth instrui as ag\u00eancias federais a pausar temporariamente &#8220;todas as atividades relacionadas \u00e0 obriga\u00e7\u00e3o ou desembolso de toda a assist\u00eancia financeira federal&#8221;.<\/p>\n<div class=\"nlp-ignore-block article-content rich-text\">\n<aside class=\"promo-link\">\n\t<a href=\"https:\/\/www.wtnh.com\/news\/national\/trump-administration-freezes-nearly-all-federal-loans-and-grants\/?ipid=promo-link-block1\" class=\"promo-link__link\"><\/p>\n<p>\t\tO governo Trump congela quase todos os empr\u00e9stimos e subs\u00eddios federais\t<\/a><br \/>\n<\/aside>\n<\/div>\n<p>&#8220;Esta pausa tempor\u00e1ria fornecer\u00e1 o tempo de administra\u00e7\u00e3o para revisar os programas da ag\u00eancia e determinar os melhores usos do financiamento para esses programas consistentes com a lei e as prioridades do residente&#8221;, afirma o memorando.<\/p>\n<p>&#8220;Este \u00e9 um ataque completo \u00e0s fam\u00edlias de Connecticut- um ataque sem precedentes e sem lei e inconstitucional em todos os cantos e n\u00edvel de nosso governo e economia&#8221;, afirmou Tong em comunicado. &#8220;Os advogados gerais de todo o pa\u00eds est\u00e3o preparando uma a\u00e7\u00e3o legal iminente para proteger nossos estados. Connecticut e minha equipe est\u00e3o na frente e no centro dessa luta e fornecer\u00e3o atualiza\u00e7\u00f5es em tempo real para Connecticut \u00e0 medida que isso se desenrola. Hoje n\u00e3o \u00e9 um dia para a pol\u00edtica- todo mundo, independentemente do partido, deve estar com Connecticut contra esse ataque devastador ao nosso estado. \u201d<\/p>\n<p>O memorando indica que os benef\u00edcios do Seguro Social ou do Medicare n\u00e3o devem ser impactados, nem a assist\u00eancia deve ser fornecida diretamente aos indiv\u00edduos.<\/p>\n<div class=\"nlp-ignore-block article-content rich-text\">\n<aside class=\"promo-link\">\n\t<a href=\"https:\/\/www.wtnh.com\/news\/connecticut\/connecticut-state-department-of-education-issues-guidance-to-k-12-public-school-districts-pertaining-to-immigration-enforcement-activities\/?ipid=promo-link-block2\" class=\"promo-link__link\"><\/p>\n<p>\t\tOrienta\u00e7\u00e3o do Departamento de Educa\u00e7\u00e3o do Estado de Connecticut para os distritos escolares p\u00fablicos do ensino fundamental e m\u00e9dio sobre atividades de aplica\u00e7\u00e3o da imigra\u00e7\u00e3o\t<\/a><br \/>\n<\/aside>\n<\/div>\n<p>A pausa entra em vigor \u00e0s 17h EST na ter\u00e7a -feira, de acordo com o memorando, que a colina revisou. O OMB pode conceder exce\u00e7\u00f5es a certos pr\u00eamios caso a caso, afirma o memorando.<\/p>\n<p>As ag\u00eancias federais s\u00e3o instru\u00eddas a realizar uma revis\u00e3o para determinar se a onda de ordens executivas de Trump afeta os programas federais de empr\u00e9stimos e concess\u00e3o durante sua primeira semana no cargo. Essas ordens estavam relacionadas \u00e0 seguran\u00e7a das fronteiras, \u00e0 for\u00e7a de trabalho federal, encerrando a &#8220;arma&#8221; do governo, os militares e outros aspectos do governo.<\/p>\n<p><em>A Associated Press contribuiu para este relat\u00f3rio.<\/em><\/p>\n<p><br \/>\n<br \/><a href=\"https:\/\/www.wtnh.com\/news\/connecticut\/attorney-general-federal-funding-freeze-a-full-assault-on-connecticut-families\/\">Source link <\/a><\/p>","protected":false},"excerpt":{"rendered":"<p>HARTFORD, CONN (WTNH) &#8211; O procurador -geral de Connecticut William Tong disse na ter\u00e7a -feira que o Ordem do governo Trump para ag\u00eancias federais pausar O desembolso de empr\u00e9stimos e&hellip;<\/p>","protected":false},"author":1,"featured_media":96740,"comment_status":"closed","ping_status":"open","sticky":false,"template":"","format":"standard","meta":{"content-type":"","footnotes":""},"categories":[1],"tags":[],"class_list":["post-96739","post","type-post","status-publish","format-standard","has-post-thumbnail","hentry","category-uncategorized"],"_links":{"self":[{"href":"https:\/\/tvbrazilusa.com\/pt\/wp-json\/wp\/v2\/posts\/96739","targetHints":{"allow":["GET"]}}],"collection":[{"href":"https:\/\/tvbrazilusa.com\/pt\/wp-json\/wp\/v2\/posts"}],"about":[{"href":"https:\/\/tvbrazilusa.com\/pt\/wp-json\/wp\/v2\/types\/post"}],"author":[{"embeddable":true,"href":"https:\/\/tvbrazilusa.com\/pt\/wp-json\/wp\/v2\/users\/1"}],"replies":[{"embeddable":true,"href":"https:\/\/tvbrazilusa.com\/pt\/wp-json\/wp\/v2\/comments?post=96739"}],"version-history":[{"count":1,"href":"https:\/\/tvbrazilusa.com\/pt\/wp-json\/wp\/v2\/posts\/96739\/revisions"}],"predecessor-version":[{"id":96741,"href":"https:\/\/tvbrazilusa.com\/pt\/wp-json\/wp\/v2\/posts\/96739\/revisions\/96741"}],"wp:featuredmedia":[{"embeddable":true,"href":"https:\/\/tvbrazilusa.com\/pt\/wp-json\/wp\/v2\/media\/96740"}],"wp:attachment":[{"href":"https:\/\/tvbrazilusa.com\/pt\/wp-json\/wp\/v2\/media?parent=96739"}],"wp:term":[{"taxonomy":"category","embeddable":true,"href":"https:\/\/tvbrazilusa.com\/pt\/wp-json\/wp\/v2\/categories?post=96739"},{"taxonomy":"post_tag","embeddable":true,"href":"https:\/\/tvbrazilusa.com\/pt\/wp-json\/wp\/v2\/tags?post=96739"}],"curies":[{"name":"wp","href":"https:\/\/api.w.org\/{rel}","templated":true}]}}