{"id":96745,"date":"2025-01-28T18:51:35","date_gmt":"2025-01-28T18:51:35","guid":{"rendered":"https:\/\/tvbrazilusa.com\/2025\/01\/28\/governo-omite-informacoes-sobre-a-agenda-e-reunioes-de-janja\/"},"modified":"2025-01-28T18:51:37","modified_gmt":"2025-01-28T18:51:37","slug":"governo-omite-informacoes-sobre-a-agenda-e-reunioes-de-janja","status":"publish","type":"post","link":"https:\/\/tvbrazilusa.com\/pt\/2025\/01\/28\/governo-omite-informacoes-sobre-a-agenda-e-reunioes-de-janja\/","title":{"rendered":"Governo omite informa\u00e7\u00f5es sobre a agenda e reuni\u00f5es de Janja"},"content":{"rendered":"<p> <script async src=\"https:\/\/pagead2.googlesyndication.com\/pagead\/js\/adsbygoogle.js?client=ca-pub-8864793242727901\"\r\n     crossorigin=\"anonymous\"><\/script><br \/>\n<\/p>\n<div id=\"taboola-read-more\" style=\"display:block; width:100%\">\n<p>O governo Lula tem negado pedidos de acesso a informa\u00e7\u00f5es sobre as atividades da primeira-dama, Ros\u00e2ngela Lula da Silva (Janja). Desde 2024, solicita\u00e7\u00f5es da ONG Fiquem Sabendo, especializada em acesso \u00e0 informa\u00e7\u00e3o p\u00fablica, foram rejeitadas.\n<\/p>\n<p>Em mar\u00e7o e abril de 2024, a ONG pediu detalhes da agenda, reuni\u00f5es, e informa\u00e7\u00f5es sobre os assessores \u00e0 disposi\u00e7\u00e3o de Janja. Segundo o O GLOBO, a Casa Civil negou e alegou que a primeira-dama n\u00e3o \u00e9 obrigada a registrar ou divulgar sua agenda.<\/p>\n<p>\u201cEsclarecemos que as informa\u00e7\u00f5es solicitadas n\u00e3o poder\u00e3o ser disponibilizadas, posto que a sra. Primeira-Dama n\u00e3o ocupa cargo p\u00fablico, conforme a defini\u00e7\u00e3o dos artigos 2\u00ba e 3\u00ba, da Lei n\u00ba 8.112\/90. Diante disso, n\u00e3o possui obriga\u00e7\u00e3o de registrar e divulgar agenda.\u201d afirmou a Casa Civil.\n<\/p>\n<p>Essa justificativa contrasta com o papel ativo de Janja, que tem um gabinete no Pal\u00e1cio do Planalto e influ\u00eancia em decis\u00f5es importantes, como indica\u00e7\u00f5es ao Judici\u00e1rio. A Fiquem Sabendo fez dois novos pedidos e apresentou tr\u00eas recursos na tentativa de reverter as negativas do governo.\n<\/p>\n<p>Bruno Morassutti, cofundador e diretor de advocacy da Fiquem Sabendo, criticou o governo por repetir pr\u00e1ticas sigilosas da gest\u00e3o Bolsonaro, amplamente criticadas por Lula durante sua campanha, quando prometeu revogar sigilos de 100 anos.\n<\/p>\n<p>\u201cAs informa\u00e7\u00f5es sobre a atua\u00e7\u00e3o p\u00fablica da primeira-dama est\u00e3o sendo negadas da mesma forma que eram negadas as dos filhos do ex-presidente. Considerando o protagonismo e a relev\u00e2ncia das atividades da primeira-dama, \u00e9 razo\u00e1vel que exista interesse p\u00fablico da sociedade brasileira em ter acesso \u00e0s informa\u00e7\u00f5es sobre ela. Ainda que ela n\u00e3o ocupe um \u2018cargo\u2019 no sentido jur\u00eddico, \u00e9 contr\u00e1rio ao pr\u00f3prio discurso do governo equiparar ela a um particular qualquer e negar informa\u00e7\u00f5es sob este fundamento.\u201d, declarou Morassutti.\n<\/p>\n<p>A Controladoria-Geral da Uni\u00e3o (CGU) tem mantido decis\u00f5es favor\u00e1veis ao sigilo, enquanto a Casa Civil e a assessoria de Janja n\u00e3o comentaram o caso.<\/p>\n<p>Fonte: Di\u00e1rio do Poder              <\/p>\n<\/div>\n<p><br \/>\n<br \/><a href=\"https:\/\/diariodobrasilnoticias.com.br\/noticia\/governo-omite-informacoes-sobre-a-agenda-e-reunioes-de-janja-67990132d8b9b\">Source link <\/a><\/p>","protected":false},"excerpt":{"rendered":"<p>O governo Lula tem negado pedidos de acesso a informa\u00e7\u00f5es sobre as atividades da primeira-dama, Ros\u00e2ngela Lula da Silva (Janja). Desde 2024, solicita\u00e7\u00f5es da ONG Fiquem Sabendo, especializada em acesso&hellip;<\/p>","protected":false},"author":1,"featured_media":96746,"comment_status":"closed","ping_status":"open","sticky":false,"template":"","format":"standard","meta":{"content-type":"","footnotes":""},"categories":[16],"tags":[123,2448,5313,1267],"class_list":["post-96745","post","type-post","status-publish","format-standard","has-post-thumbnail","hentry","category-noticias","tag-brasil","tag-diario","tag-noticia","tag-noticias"],"_links":{"self":[{"href":"https:\/\/tvbrazilusa.com\/pt\/wp-json\/wp\/v2\/posts\/96745","targetHints":{"allow":["GET"]}}],"collection":[{"href":"https:\/\/tvbrazilusa.com\/pt\/wp-json\/wp\/v2\/posts"}],"about":[{"href":"https:\/\/tvbrazilusa.com\/pt\/wp-json\/wp\/v2\/types\/post"}],"author":[{"embeddable":true,"href":"https:\/\/tvbrazilusa.com\/pt\/wp-json\/wp\/v2\/users\/1"}],"replies":[{"embeddable":true,"href":"https:\/\/tvbrazilusa.com\/pt\/wp-json\/wp\/v2\/comments?post=96745"}],"version-history":[{"count":1,"href":"https:\/\/tvbrazilusa.com\/pt\/wp-json\/wp\/v2\/posts\/96745\/revisions"}],"predecessor-version":[{"id":96747,"href":"https:\/\/tvbrazilusa.com\/pt\/wp-json\/wp\/v2\/posts\/96745\/revisions\/96747"}],"wp:featuredmedia":[{"embeddable":true,"href":"https:\/\/tvbrazilusa.com\/pt\/wp-json\/wp\/v2\/media\/96746"}],"wp:attachment":[{"href":"https:\/\/tvbrazilusa.com\/pt\/wp-json\/wp\/v2\/media?parent=96745"}],"wp:term":[{"taxonomy":"category","embeddable":true,"href":"https:\/\/tvbrazilusa.com\/pt\/wp-json\/wp\/v2\/categories?post=96745"},{"taxonomy":"post_tag","embeddable":true,"href":"https:\/\/tvbrazilusa.com\/pt\/wp-json\/wp\/v2\/tags?post=96745"}],"curies":[{"name":"wp","href":"https:\/\/api.w.org\/{rel}","templated":true}]}}