{"id":96763,"date":"2025-01-28T19:57:33","date_gmt":"2025-01-28T19:57:33","guid":{"rendered":"https:\/\/tvbrazilusa.com\/2025\/01\/28\/aviao-da-united-airlines-passa-por-situacao-de-emergencia-e-38-passageiros-ficam-feridos\/"},"modified":"2025-01-28T19:57:35","modified_gmt":"2025-01-28T19:57:35","slug":"aviao-da-united-airlines-passa-por-situacao-de-emergencia-e-38-passageiros-ficam-feridos","status":"publish","type":"post","link":"https:\/\/tvbrazilusa.com\/pt\/2025\/01\/28\/aviao-da-united-airlines-passa-por-situacao-de-emergencia-e-38-passageiros-ficam-feridos\/","title":{"rendered":"Avi\u00e3o da United Airlines passa por situa\u00e7\u00e3o de emerg\u00eancia e 38 passageiros ficam feridos"},"content":{"rendered":"<p> <script async src=\"https:\/\/pagead2.googlesyndication.com\/pagead\/js\/adsbygoogle.js?client=ca-pub-8864793242727901\"\r\n     crossorigin=\"anonymous\"><\/script><br \/>\n<\/p>\n<div>\n<figure class=\"post-image\">\n<\/figure>\n<p>            <span style=\"font-size: 12px\">Reprodu\u00e7\u00e3o<\/span><\/p>\n<p>            <!-- end metas --><br \/>\n            <!-- ADS --><\/p>\n<div id=\"taboola-read-more\" style=\"display:block; width:100%\">\n<p>Um v\u00eddeo que circula na web mostra o desespero dos passageiros em um avi\u00e3o da United Airlines, que decolou da Nig\u00e9ria com destino aos Estados Unidos, na sexta-feira (24\/1), e enfrentou uma situa\u00e7\u00e3o de emerg\u00eancia que resultou em 38 feridos entre os 256 ocupantes da aeronave. O incidente ocorreu aproximadamente 1h20 ap\u00f3s a decolagem, que ocorreu por volta da meia-noite (hor\u00e1rio local).\n<\/p>\n<p>De acordo com um porta-voz da companhia, a aeronave sofreu um \u201cmovimento inesperado\u201d durante o voo, levando a uma s\u00e9rie de ferimentos. Um passageiro registrou a condi\u00e7\u00e3o da cabine ap\u00f3s o evento. Entre os feridos, quatro passageiros e dois membros da tripula\u00e7\u00e3o apresentaram les\u00f5es graves.<\/p>\n<p><img decoding=\"async\" src=\"https:\/\/assets.portalleodias.com\/2024\/04\/Design-sem-nome-2025-01-28T021716.633.png\" alt=\"\" width=\"100%\"\/>\n<\/p>\n<p style=\"text-align: center;\"><em>REPRODU\u00c7\u00c3O<\/em>\n<\/p>\n<p>Segundo informa\u00e7\u00f5es do The Washington Post, dados do site \u201cFlightradar\u201d revelam que a houve uma queda dr\u00e1stica na velocidade da aeronave por duas vezes seguidas. Tamb\u00e9m foi mostrado de que ainda houve uma terceira baixa de velocidade depois 7 minutos, entretanto, em uma intensidade menor.\n<\/p>\n<p>Ap\u00f3s a emerg\u00eancia, o avi\u00e3o precisou retornar ao aeroporto de origem, pousando com seguran\u00e7a em Lagos \u00e0s 3h22 (hor\u00e1rio local). Todos os passageiros que ficaram feridos j\u00e1 receberam alta hospitalar, conforme informa\u00e7\u00f5es do porta-voz da United Airlines. As autoridades de avia\u00e7\u00e3o dos Estados Unidos e da Nig\u00e9ria iniciaram investiga\u00e7\u00f5es para apurar as causas do incidente.\n<\/p>\n<p>Fonte: Portal Leo Dias              <\/p>\n<\/div>\n<p>                        <!-- Scripts para conteudo --><\/p>\n<p>            <!-- .\/Scripts para conteudo --><br \/>\n            <!-- .\/Mat\u00e9ria --><\/p>\n<div class=\"row mt-3\">\n<div class=\"col-sm-6\">\n                <!-- Whatsapp channel 3--><br \/>\n                <a href=\"https:\/\/chat.whatsapp.com\/B8Qy6Erx4kb6yTzj3kaDco\" target=\"_blank\"><br \/>\n                  <img decoding=\"async\" src=\"https:\/\/diariodobrasilnoticias.com.br\/assets-site\/images\/bot_whatsapp.png\"\/><\/a>\n              <\/div>\n<div class=\"col-sm-6\">\n                <a href=\"https:\/\/t.me\/+_4gTmi5LKo03OTM5\" target=\"_blank\"><br \/>\n                  <img decoding=\"async\" src=\"https:\/\/diariodobrasilnoticias.com.br\/assets-site\/images\/bot_telegram.png\"\/><\/a>\n              <\/div>\n<\/p><\/div>\n<p>            <!-- end post-navigation --><\/p>\n<p>              <!-- end row --><\/p>\n<p>              <!-- end col-12-->\n                      <\/div>\n<p><br \/>\n<br \/><a href=\"https:\/\/diariodobrasilnoticias.com.br\/noticia\/aviao-da-united-airlines-passa-por-situacao-de-emergencia-e-38-passageiros-ficam-feridos-6799220131358\">Source link <\/a><\/p>","protected":false},"excerpt":{"rendered":"<p>Reprodu\u00e7\u00e3o Um v\u00eddeo que circula na web mostra o desespero dos passageiros em um avi\u00e3o da United Airlines, que decolou da Nig\u00e9ria com destino aos Estados Unidos, na sexta-feira (24\/1),&hellip;<\/p>","protected":false},"author":1,"featured_media":96764,"comment_status":"closed","ping_status":"open","sticky":false,"template":"","format":"standard","meta":{"content-type":"","footnotes":""},"categories":[16],"tags":[123,2448,5313,1267],"class_list":["post-96763","post","type-post","status-publish","format-standard","has-post-thumbnail","hentry","category-noticias","tag-brasil","tag-diario","tag-noticia","tag-noticias"],"_links":{"self":[{"href":"https:\/\/tvbrazilusa.com\/pt\/wp-json\/wp\/v2\/posts\/96763","targetHints":{"allow":["GET"]}}],"collection":[{"href":"https:\/\/tvbrazilusa.com\/pt\/wp-json\/wp\/v2\/posts"}],"about":[{"href":"https:\/\/tvbrazilusa.com\/pt\/wp-json\/wp\/v2\/types\/post"}],"author":[{"embeddable":true,"href":"https:\/\/tvbrazilusa.com\/pt\/wp-json\/wp\/v2\/users\/1"}],"replies":[{"embeddable":true,"href":"https:\/\/tvbrazilusa.com\/pt\/wp-json\/wp\/v2\/comments?post=96763"}],"version-history":[{"count":1,"href":"https:\/\/tvbrazilusa.com\/pt\/wp-json\/wp\/v2\/posts\/96763\/revisions"}],"predecessor-version":[{"id":96765,"href":"https:\/\/tvbrazilusa.com\/pt\/wp-json\/wp\/v2\/posts\/96763\/revisions\/96765"}],"wp:featuredmedia":[{"embeddable":true,"href":"https:\/\/tvbrazilusa.com\/pt\/wp-json\/wp\/v2\/media\/96764"}],"wp:attachment":[{"href":"https:\/\/tvbrazilusa.com\/pt\/wp-json\/wp\/v2\/media?parent=96763"}],"wp:term":[{"taxonomy":"category","embeddable":true,"href":"https:\/\/tvbrazilusa.com\/pt\/wp-json\/wp\/v2\/categories?post=96763"},{"taxonomy":"post_tag","embeddable":true,"href":"https:\/\/tvbrazilusa.com\/pt\/wp-json\/wp\/v2\/tags?post=96763"}],"curies":[{"name":"wp","href":"https:\/\/api.w.org\/{rel}","templated":true}]}}