{"id":96778,"date":"2025-01-28T20:28:58","date_gmt":"2025-01-28T20:28:58","guid":{"rendered":"https:\/\/tvbrazilusa.com\/2025\/01\/28\/empresa-dispensa-funcionarios-que-protestaram-devido-aos-salarios-atrasados\/"},"modified":"2025-01-28T20:28:59","modified_gmt":"2025-01-28T20:28:59","slug":"empresa-dispensa-funcionarios-que-protestaram-devido-aos-salarios-atrasados","status":"publish","type":"post","link":"https:\/\/tvbrazilusa.com\/pt\/2025\/01\/28\/empresa-dispensa-funcionarios-que-protestaram-devido-aos-salarios-atrasados\/","title":{"rendered":"Empresa dispensa funcion\u00e1rios que protestaram devido aos sal\u00e1rios atrasados"},"content":{"rendered":"<p> <script async src=\"https:\/\/pagead2.googlesyndication.com\/pagead\/js\/adsbygoogle.js?client=ca-pub-8864793242727901\"\r\n     crossorigin=\"anonymous\"><\/script><br \/>\n<\/p>\n<div id=\"taboola-read-more\" style=\"display:block; width:100%\">\n<p>Funcion\u00e1rios da empresa R7 Facilities, que oferece servi\u00e7os a minist\u00e9rios e outros \u00f3rg\u00e3os p\u00fablicos, foram demitidos na \u00faltima semana, ap\u00f3s a equipe protestar contra sal\u00e1rios atrasados. O Metr\u00f3poles apurou que ao menos oito pessoas foram convidadas a assinar cartas de demiss\u00e3o.\n<\/p>\n<p>Uma funcion\u00e1ria falou \u00e0 reportagem que foi pega de surpresa no \u00faltimo dia 15. \u201cRecebi uma mensagem na hora do almo\u00e7o me convidando para a recep\u00e7\u00e3o. Chegando l\u00e1, a recepcionista me deu um papel de demiss\u00e3o para assinar. Quando eu perguntei qual era a motiva\u00e7\u00e3o [da demiss\u00e3o], ela disse que era do meu interesse\u201d, conta a mulher, que ter\u00e1 a identidade preservada.<\/p>\n<p>\u201cInicialmente, eu me neguei at\u00e9 que aparecesse algu\u00e9m do setor de Recursos Humanos da empresa. Depois, eu assinei, porque a informa\u00e7\u00e3o que eu recebi era de que, se eu n\u00e3o assinasse, eles iriam executar a demiss\u00e3o mesmo assim\u201d, prossegue a ex-colaboradora.\n<\/p>\n<p>Desde ent\u00e3o, a mulher segue desligada da empresa, sem mais informa\u00e7\u00f5es de quando vai receber valores referentes \u00e0 rescis\u00e3o, seguro desemprego e outros benef\u00edcios. \u201cInclusive, j\u00e1 tem outra pessoa no meu lugar\u201d, pontua.\n<\/p>\n<p>Para a colaboradora, a demiss\u00e3o teve cunho pol\u00edtico. Ela relembra que costumava protestar contra sal\u00e1rios atrasados, durante os 18 meses em que atuou na empresa. \u201cSempre fui muito incisiva em cobrar que o pagamento fosse feito no dia certo, que a empresa tivesse responsabilidade contratual. Os funcion\u00e1rios que davam trabalho foram escolhidos para serem demitidos. Por dar trabalho, entenda-se cobrar os direitos\u201d, relata a mulher.\n<\/p>\n<p><strong>\u201cFoi uma puni\u00e7\u00e3o pol\u00edtica. Nunca sofri nenhum tipo de advert\u00eancia, nem mesmo verbal. Mas, da minha parte, estou tranquila. Entendo que \u00e9 muito melhor n\u00e3o ter nenhum tipo de liga\u00e7\u00e3o contratual com uma empresa que n\u00e3o cumpre condi\u00e7\u00f5es de trabalho.\u201d<\/strong>\n<\/p>\n<p>Ela refor\u00e7a que tinha um ano e meio de casa e que, nesse per\u00edodo, houve atraso de sal\u00e1rio em quatro ocasi\u00f5es. \u201cEm janeiro, por exemplo, viemos receber apenas no dia 15, e o combinado \u00e9 no quinto dia \u00fatil.\u201d\n<\/p>\n<p><strong>Protesto e nota de rep\u00fadio<\/strong><br \/>Em 13 de janeiro \u00faltimo, funcion\u00e1rios da R7 Facilities protestaram em frente \u00e0 sede do Minist\u00e9rio dos Direitos Humanos e Cidadania (MDH) devido ao atraso no pagamento deste m\u00eas. Na ocasi\u00e3o, os colaboradores tamb\u00e9m se reuniram com a deputada federal \u00c9rika Kokay (PT-DF) e lideran\u00e7as da Central \u00danica dos Trabalhadores (CUT) Nacional, Sindiservi\u00e7os-DF e do Sindicato dos Servidores P\u00fablicos Federais (Sindsep-DF).\n<\/p>\n<p>Ap\u00f3s saber da demiss\u00e3o, o Conselho Nacional dos Direitos Humanos (CNDH) emitiu nota de rep\u00fadio \u201cao processo em curso para demiss\u00f5es de trabalhadores terceirizados da empresa R7 Facilities\u201d e afirma que o passaralho ocorreu ap\u00f3s os funcion\u00e1rios se reunirem com as lideran\u00e7as citadas acima.\n<\/p>\n<p>\u201cTais tentativas evidenciam retalia\u00e7\u00e3o contra as (os) trabalhadoras e trabalhadores, o que agrava ainda mais a situa\u00e7\u00e3o da empresa que presta servi\u00e7os ao MDHC\u201d.\n<\/p>\n<p>O Conselho pede ainda que o Minist\u00e9rio dos Direitos Humanos apure o caso junto a R7 e encerre o contrato com a empresa caso alguma demiss\u00e3o tenha sido efetivada.\n<\/p>\n<p>\u201cO CNDH tamb\u00e9m recomenda que o Minist\u00e9rio acompanhe a situa\u00e7\u00e3o de forma rigorosa, assegurando que todos os direitos trabalhistas sejam respeitados integralmente e reveja o contrato com a empresa, a fim de preservar os direitos de quem trabalha\u201d, encerra o Conselho.\n<\/p>\n<p><strong>Outro lado<\/strong><br \/>Em nota publicada nas redes sociais, a R7 Facilities negou haver desligamento em massa na empresa. \u201cPor fim, enfatizamos que seguimos comprometidos em oferecer o nosso melhor para cada um de nossos colaboradores, clientes e fornecedores\u201d, esclarece.\n<\/p>\n<p>\u201cReiteramos que nossa sede est\u00e1 localizada no SIA Trecho 17, Rua 14, Pr\u00e9dio 170, com funcionamento regular dentro do hor\u00e1rio comercial de segunda a sexta-feira h\u00e1 5 anos, no mesmo endere\u00e7o. Onde todos s\u00e3o bem-vindos para conhecer nossas instala\u00e7\u00f5es.\u201d\n<\/p>\n<p>Fonte: Metr\u00f3poles              <\/p>\n<\/div>\n<p><br \/>\n<br \/><a href=\"https:\/\/diariodobrasilnoticias.com.br\/noticia\/empresa-dispensa-funcionarios-que-protestaram-devido-aos-salarios-atrasados-679923309c50b\">Source link <\/a><\/p>","protected":false},"excerpt":{"rendered":"<p>Funcion\u00e1rios da empresa R7 Facilities, que oferece servi\u00e7os a minist\u00e9rios e outros \u00f3rg\u00e3os p\u00fablicos, foram demitidos na \u00faltima semana, ap\u00f3s a equipe protestar contra sal\u00e1rios atrasados. O Metr\u00f3poles apurou que&hellip;<\/p>","protected":false},"author":1,"featured_media":96779,"comment_status":"closed","ping_status":"open","sticky":false,"template":"","format":"standard","meta":{"content-type":"","footnotes":""},"categories":[16],"tags":[123,2448,5313,1267],"class_list":["post-96778","post","type-post","status-publish","format-standard","has-post-thumbnail","hentry","category-noticias","tag-brasil","tag-diario","tag-noticia","tag-noticias"],"_links":{"self":[{"href":"https:\/\/tvbrazilusa.com\/pt\/wp-json\/wp\/v2\/posts\/96778","targetHints":{"allow":["GET"]}}],"collection":[{"href":"https:\/\/tvbrazilusa.com\/pt\/wp-json\/wp\/v2\/posts"}],"about":[{"href":"https:\/\/tvbrazilusa.com\/pt\/wp-json\/wp\/v2\/types\/post"}],"author":[{"embeddable":true,"href":"https:\/\/tvbrazilusa.com\/pt\/wp-json\/wp\/v2\/users\/1"}],"replies":[{"embeddable":true,"href":"https:\/\/tvbrazilusa.com\/pt\/wp-json\/wp\/v2\/comments?post=96778"}],"version-history":[{"count":1,"href":"https:\/\/tvbrazilusa.com\/pt\/wp-json\/wp\/v2\/posts\/96778\/revisions"}],"predecessor-version":[{"id":96780,"href":"https:\/\/tvbrazilusa.com\/pt\/wp-json\/wp\/v2\/posts\/96778\/revisions\/96780"}],"wp:featuredmedia":[{"embeddable":true,"href":"https:\/\/tvbrazilusa.com\/pt\/wp-json\/wp\/v2\/media\/96779"}],"wp:attachment":[{"href":"https:\/\/tvbrazilusa.com\/pt\/wp-json\/wp\/v2\/media?parent=96778"}],"wp:term":[{"taxonomy":"category","embeddable":true,"href":"https:\/\/tvbrazilusa.com\/pt\/wp-json\/wp\/v2\/categories?post=96778"},{"taxonomy":"post_tag","embeddable":true,"href":"https:\/\/tvbrazilusa.com\/pt\/wp-json\/wp\/v2\/tags?post=96778"}],"curies":[{"name":"wp","href":"https:\/\/api.w.org\/{rel}","templated":true}]}}