{"id":96781,"date":"2025-01-28T20:41:10","date_gmt":"2025-01-28T20:41:10","guid":{"rendered":"https:\/\/tvbrazilusa.com\/2025\/01\/28\/senador-dos-eua-ameaca-deportar-selena-gomez-apos-cantora-apoiar-imigrantes-em-video\/"},"modified":"2025-01-28T20:41:12","modified_gmt":"2025-01-28T20:41:12","slug":"senador-dos-eua-ameaca-deportar-selena-gomez-apos-cantora-apoiar-imigrantes-em-video","status":"publish","type":"post","link":"https:\/\/tvbrazilusa.com\/pt\/2025\/01\/28\/senador-dos-eua-ameaca-deportar-selena-gomez-apos-cantora-apoiar-imigrantes-em-video\/","title":{"rendered":"Senador dos EUA amea\u00e7a deportar Selena Gomez ap\u00f3s cantora apoiar imigrantes em v\u00eddeo"},"content":{"rendered":"<p> <script async src=\"https:\/\/pagead2.googlesyndication.com\/pagead\/js\/adsbygoogle.js?client=ca-pub-8864793242727901\"\r\n     crossorigin=\"anonymous\"><\/script><br \/>\n<\/p>\n<div id=\"taboola-read-more\" style=\"display:block; width:100%\">\n<p>Um senador americano amea\u00e7ou deportar Selena Gomez ap\u00f3s a cantora publicar um v\u00eddeo no qual lamenta a deporta\u00e7\u00e3o de mais de 4 mil pessoas pelo presidente Donald Trump.\n<\/p>\n<p>Na postagem, o pol\u00edtico acusa Selena de ter \u201cescolhido\u201d imigrantes \u00e0 cidad\u00e3os americanos pois a atriz \u00e9 descendente de mexicanos que foram concedidos anistia em 1987.<\/p>\n<\/p>\n<p style=\"text-align: center;\"><em>Reprodu\u00e7\u00e3o \/ X<\/em>\n<\/p>\n<p>Ap\u00f3s a mensagem repercutir nas redes, Sam foi direto: \u201cDeportem Selena Gomez\u201d, disse o republicano. Rea\u00e7\u00f5es ao coment\u00e1rio foram mistas. F\u00e3s da artista responderam com mensagens de apoio \u00e0 ela, e defensores das pol\u00edticas de Trump defenderam o senador.\n<\/p>\n<p>Na manh\u00e3 desta segunda-feira (27\/1), a atriz de \u201cEmilia Perez\u201d desabafou: \u201cEu s\u00f3 queria dizer: me desculpem\u2026 o meu povo est\u00e1 sendo atacado, as crian\u00e7as. Eu n\u00e3o entendo. Me desculpem, eu queria poder fazer algo, mas eu n\u00e3o consigo. Eu n\u00e3o sei o que fazer. Eu tentei de tudo, eu juro\u201d.\n<\/p>\n<p>Fonte: Portal Leo Dias              <\/p>\n<\/div>\n<p><br \/>\n<br \/><a href=\"https:\/\/diariodobrasilnoticias.com.br\/noticia\/senador-dos-eua-ameaca-deportar-selena-gomez-apos-cantora-apoiar-imigrantes-em-video-679922b0a0649\">Source link <\/a><\/p>","protected":false},"excerpt":{"rendered":"<p>Um senador americano amea\u00e7ou deportar Selena Gomez ap\u00f3s a cantora publicar um v\u00eddeo no qual lamenta a deporta\u00e7\u00e3o de mais de 4 mil pessoas pelo presidente Donald Trump. Na postagem,&hellip;<\/p>","protected":false},"author":1,"featured_media":96782,"comment_status":"closed","ping_status":"open","sticky":false,"template":"","format":"standard","meta":{"content-type":"","footnotes":""},"categories":[16],"tags":[123,2448,5313,1267],"class_list":["post-96781","post","type-post","status-publish","format-standard","has-post-thumbnail","hentry","category-noticias","tag-brasil","tag-diario","tag-noticia","tag-noticias"],"_links":{"self":[{"href":"https:\/\/tvbrazilusa.com\/pt\/wp-json\/wp\/v2\/posts\/96781","targetHints":{"allow":["GET"]}}],"collection":[{"href":"https:\/\/tvbrazilusa.com\/pt\/wp-json\/wp\/v2\/posts"}],"about":[{"href":"https:\/\/tvbrazilusa.com\/pt\/wp-json\/wp\/v2\/types\/post"}],"author":[{"embeddable":true,"href":"https:\/\/tvbrazilusa.com\/pt\/wp-json\/wp\/v2\/users\/1"}],"replies":[{"embeddable":true,"href":"https:\/\/tvbrazilusa.com\/pt\/wp-json\/wp\/v2\/comments?post=96781"}],"version-history":[{"count":1,"href":"https:\/\/tvbrazilusa.com\/pt\/wp-json\/wp\/v2\/posts\/96781\/revisions"}],"predecessor-version":[{"id":96783,"href":"https:\/\/tvbrazilusa.com\/pt\/wp-json\/wp\/v2\/posts\/96781\/revisions\/96783"}],"wp:featuredmedia":[{"embeddable":true,"href":"https:\/\/tvbrazilusa.com\/pt\/wp-json\/wp\/v2\/media\/96782"}],"wp:attachment":[{"href":"https:\/\/tvbrazilusa.com\/pt\/wp-json\/wp\/v2\/media?parent=96781"}],"wp:term":[{"taxonomy":"category","embeddable":true,"href":"https:\/\/tvbrazilusa.com\/pt\/wp-json\/wp\/v2\/categories?post=96781"},{"taxonomy":"post_tag","embeddable":true,"href":"https:\/\/tvbrazilusa.com\/pt\/wp-json\/wp\/v2\/tags?post=96781"}],"curies":[{"name":"wp","href":"https:\/\/api.w.org\/{rel}","templated":true}]}}