{"id":96894,"date":"2025-01-29T01:16:04","date_gmt":"2025-01-29T01:16:04","guid":{"rendered":"https:\/\/tvbrazilusa.com\/2025\/01\/29\/gilmar-mendes-da-48-horas-para-presidio-justificar-agressao-a-mae-de-henry-borel\/"},"modified":"2025-01-29T01:16:06","modified_gmt":"2025-01-29T01:16:06","slug":"gilmar-mendes-da-48-horas-para-presidio-justificar-agressao-a-mae-de-henry-borel","status":"publish","type":"post","link":"https:\/\/tvbrazilusa.com\/pt\/2025\/01\/29\/gilmar-mendes-da-48-horas-para-presidio-justificar-agressao-a-mae-de-henry-borel\/","title":{"rendered":"Gilmar Mendes d\u00e1 48 horas para pres\u00eddio justificar agress\u00e3o \u00e0 m\u00e3e de Henry Borel"},"content":{"rendered":"<p> <script async src=\"https:\/\/pagead2.googlesyndication.com\/pagead\/js\/adsbygoogle.js?client=ca-pub-8864793242727901\"\r\n     crossorigin=\"anonymous\"><\/script><br \/>\n<\/p>\n<div>\n<figure class=\"post-image\">\n<\/figure>\n<p>            <span style=\"font-size: 12px\">Aline Massuca\/ Metr\u00f3poles<\/span><\/p>\n<p>            <!-- end metas --><br \/>\n            <!-- ADS --><\/p>\n<div id=\"taboola-read-more\" style=\"display:block; width:100%\">\n<p>O ministro Gilmar Mendes, do Supremo Tribunal Federal (STF), deu 48 horas para que o pres\u00eddio em que est\u00e1 Monique Medeiros explique supostas agress\u00f5es contra a detenta, presa preventivamente pela morte do pr\u00f3prio filho, o menino Henry Borel, de 4 anos, em mar\u00e7o de 2021. \u201cColham-se informa\u00e7\u00f5es do diretor da unidade prisional, especificamente sobre a alegada agress\u00e3o\u201d, determinou Gilmar, que \u00e9 relator da a\u00e7\u00e3o sobre o caso no Supremo.\n<\/p>\n<p>Os pedidos de respostas do ministro ocorrem ap\u00f3s a defesa de Monique alegar que ela foi alvo de um \u201catentado\u201d no pres\u00eddio feminino Talavera Bruce, no Rio de Janeiro.<\/p>\n<p>Os advogados informaram o ministro da agress\u00e3o e disseram, em pedido de habeas corpus no STF, n\u00e3o ter conseguido \u201ctirar fotografias das graves les\u00f5es sofridas pela requerente no interior do c\u00e1rcere, uma vez que na unidade prisional n\u00e3o \u00e9 poss\u00edvel ingressar com telefone celular, mas que junta abaixo a camisa ensanguentada ap\u00f3s a agress\u00e3o realizada em seu pesco\u00e7o com uma l\u00e2mina\u201d.\n<\/p>\n<p><strong>Entenda o que aconteceu<\/strong>\n<\/p>\n<ul>\n<li>Em maio de 2024, a Segunda Turma do STF formou maioria para manter a pris\u00e3o de Monique Medeiros. Ela \u00e9 acusada da morte do pr\u00f3prio filho. O julgamento foi un\u00e2nime.<\/li>\n<li>Os ministros da Turma acompanharam o voto de Gilmar Mendes, que \u00e9 relator do caso. Assim, negaram o pedido da defesa e recomendaram celeridade no julgamento da a\u00e7\u00e3o penal no Tribunal de Justi\u00e7a do Rio de Janeiro (TJRJ), onde Monique passar\u00e1 por j\u00fari popular.<\/li>\n<li>Em 2023, o magistrado determinou que Monique Medeiros retornasse \u00e0 pris\u00e3o para aguardar julgamento ap\u00f3s ter deixado a cadeia em agosto de 2022. Ela havia sa\u00eddo do sistema prisional depois de ter a pris\u00e3o revogada pelo Superior Tribunal de Justi\u00e7a (STJ).<\/li>\n<li>Ela est\u00e1 presa na Penitenci\u00e1ria Talavera Bruce, no Complexo Penitenci\u00e1rio de Gericin\u00f3, em Bangu, na zona oeste do Rio de Janeiro.<\/li>\n<\/ul>\n<p>A mulher \u00e9 acusada de homic\u00eddio qualificado, tortura e coa\u00e7\u00e3o no caso do menino Henry. Em 2021, Monique e o ent\u00e3o namorado, o ex-vereador e ex-m\u00e9dico Jairo de Souza Santos Junior, mais conhecido como Dr. Jairinho, teriam cometido os crimes contra a crian\u00e7a.\n<\/p>\n<p>Fonte: Metr\u00f3poles\n              <\/p>\n<\/div>\n<p>                        <!-- Scripts para conteudo --><\/p>\n<p>            <!-- .\/Scripts para conteudo --><br \/>\n            <!-- .\/Mat\u00e9ria --><\/p>\n<div class=\"row mt-3\">\n<div class=\"col-sm-6\">\n                <!-- Whatsapp channel 3--><br \/>\n                <a href=\"https:\/\/chat.whatsapp.com\/B8Qy6Erx4kb6yTzj3kaDco\" target=\"_blank\"><br \/>\n                  <img decoding=\"async\" src=\"https:\/\/diariodobrasilnoticias.com.br\/assets-site\/images\/bot_whatsapp.png\"\/><\/a>\n              <\/div>\n<div class=\"col-sm-6\">\n                <a href=\"https:\/\/t.me\/+_4gTmi5LKo03OTM5\" target=\"_blank\"><br \/>\n                  <img decoding=\"async\" src=\"https:\/\/diariodobrasilnoticias.com.br\/assets-site\/images\/bot_telegram.png\"\/><\/a>\n              <\/div>\n<\/p><\/div>\n<p>            <!-- end post-navigation --><\/p>\n<p>              <!-- end row --><\/p>\n<p>              <!-- end col-12-->\n                      <\/div>\n<p><br \/>\n<br \/><a href=\"https:\/\/diariodobrasilnoticias.com.br\/noticia\/gilmar-mendes-da-48-horas-para-presidio-justificar-agressao-a-mae-de-henry-borel-67995338c6253\">Source link <\/a><\/p>","protected":false},"excerpt":{"rendered":"<p>Aline Massuca\/ Metr\u00f3poles O ministro Gilmar Mendes, do Supremo Tribunal Federal (STF), deu 48 horas para que o pres\u00eddio em que est\u00e1 Monique Medeiros explique supostas agress\u00f5es contra a detenta,&hellip;<\/p>","protected":false},"author":1,"featured_media":96895,"comment_status":"closed","ping_status":"open","sticky":false,"template":"","format":"standard","meta":{"content-type":"","footnotes":""},"categories":[16],"tags":[123,2448,5313,1267],"class_list":["post-96894","post","type-post","status-publish","format-standard","has-post-thumbnail","hentry","category-noticias","tag-brasil","tag-diario","tag-noticia","tag-noticias"],"_links":{"self":[{"href":"https:\/\/tvbrazilusa.com\/pt\/wp-json\/wp\/v2\/posts\/96894","targetHints":{"allow":["GET"]}}],"collection":[{"href":"https:\/\/tvbrazilusa.com\/pt\/wp-json\/wp\/v2\/posts"}],"about":[{"href":"https:\/\/tvbrazilusa.com\/pt\/wp-json\/wp\/v2\/types\/post"}],"author":[{"embeddable":true,"href":"https:\/\/tvbrazilusa.com\/pt\/wp-json\/wp\/v2\/users\/1"}],"replies":[{"embeddable":true,"href":"https:\/\/tvbrazilusa.com\/pt\/wp-json\/wp\/v2\/comments?post=96894"}],"version-history":[{"count":1,"href":"https:\/\/tvbrazilusa.com\/pt\/wp-json\/wp\/v2\/posts\/96894\/revisions"}],"predecessor-version":[{"id":96896,"href":"https:\/\/tvbrazilusa.com\/pt\/wp-json\/wp\/v2\/posts\/96894\/revisions\/96896"}],"wp:featuredmedia":[{"embeddable":true,"href":"https:\/\/tvbrazilusa.com\/pt\/wp-json\/wp\/v2\/media\/96895"}],"wp:attachment":[{"href":"https:\/\/tvbrazilusa.com\/pt\/wp-json\/wp\/v2\/media?parent=96894"}],"wp:term":[{"taxonomy":"category","embeddable":true,"href":"https:\/\/tvbrazilusa.com\/pt\/wp-json\/wp\/v2\/categories?post=96894"},{"taxonomy":"post_tag","embeddable":true,"href":"https:\/\/tvbrazilusa.com\/pt\/wp-json\/wp\/v2\/tags?post=96894"}],"curies":[{"name":"wp","href":"https:\/\/api.w.org\/{rel}","templated":true}]}}