{"id":96897,"date":"2025-01-29T01:28:13","date_gmt":"2025-01-29T01:28:13","guid":{"rendered":"https:\/\/tvbrazilusa.com\/2025\/01\/29\/de-acordo-com-o-jornal-estadao-gleisi-hoffmann-sera-ministra-no-governo-de-lula\/"},"modified":"2025-01-29T01:28:14","modified_gmt":"2025-01-29T01:28:14","slug":"de-acordo-com-o-jornal-estadao-gleisi-hoffmann-sera-ministra-no-governo-de-lula","status":"publish","type":"post","link":"https:\/\/tvbrazilusa.com\/pt\/2025\/01\/29\/de-acordo-com-o-jornal-estadao-gleisi-hoffmann-sera-ministra-no-governo-de-lula\/","title":{"rendered":"De acordo com o jornal Estad\u00e3o, Gleisi Hoffmann ser\u00e1 ministra no governo de Lula"},"content":{"rendered":"<p> <script async src=\"https:\/\/pagead2.googlesyndication.com\/pagead\/js\/adsbygoogle.js?client=ca-pub-8864793242727901\"\r\n     crossorigin=\"anonymous\"><\/script><br \/>\n<\/p>\n<div id=\"taboola-read-more\" style=\"display:block; width:100%\">\n<p>A presidente nacional do PT (Partido dos Trabalhadores), Gleisi Hoffman, ser\u00e1 a pr\u00f3xima ministra da Secretaria-Geral da Presid\u00eancia, do governo Lula (PT), a partir da reforma ministerial prevista para mar\u00e7o deste ano, segundo revelou o Estad\u00e3o.\n<\/p>\n<p>Para comandar a legenda no lugar de Gleisi, um dos vice-presidentes nacionais assumir\u00e1 o posto at\u00e9 as elei\u00e7\u00f5es internas previstas para julho. Est\u00e3o cotados para o mandato-tamp\u00e3o o deputado Jos\u00e9 Guimar\u00e3es (PT) e o senador Humberto Costa (PT).<\/p>\n<p>O presidente Lula (PT), que teria prefer\u00eancia pelo nome do ex-prefeito de Araraquara (SP) Edinho Silva, ser\u00e1 o respons\u00e1vel por dar o aval ao substituto de Gleisi.\n<\/p>\n<p>Neste m\u00eas, o petista e sua futura ministra tamb\u00e9m conversaram sobre o destino do atual ministro da Secretaria-Geral da Presid\u00eancia, M\u00e1rcio Mac\u00eado.\n<\/p>\n<p>Desde 2017, Gleisi Hoffman comanda a legenda nacional.\n<\/p>\n<p>Gleisi mira boletim Focus<br \/>A presidente nacional do PT culpou o relat\u00f3rio no boletim Focus, que registra as expectativas do mercado para a economia brasileira, antes da primeira reuni\u00e3o do Comit\u00ea de Pol\u00edtica Monet\u00e1ria (Copom) do Banco Central (BC) sob o comando de Gabriel Gal\u00edpolo.\n<\/p>\n<p>\u201c\u00c0s v\u00e9speras da reuni\u00e3o do Copom, o pessoal do boletim Focus projeta aumento da infla\u00e7\u00e3o para 5,50% este ano. Ainda bem, para o Brasil, que eles erraram todas as \u2018proje\u00e7\u00f5es\u2019 catastrofistas sobre o comportamento da infla\u00e7\u00e3o e todos os outros indicadores econ\u00f4micos nos \u00faltimos quatro anos\u201d. reclamou a petista em seu perfil no X.\n<\/p>\n<p>\u201cMas \u00e9 inacredit\u00e1vel que essas apostas sem base, express\u00e3o do desejo deles, ainda sejam levadas em conta nas decis\u00f5es do BC sobre assuntos t\u00e3o s\u00e9rios como a taxa b\u00e1sica de juros\u201d, finalizou Gleisi.\n<\/p>\n<p>Infla\u00e7\u00e3o<br \/>Enquanto a presidente do PT reclama do mercado financeiro, os ministros da \u00e1rea econ\u00f4mica do governo Lula correm desorientados em busca de uma solu\u00e7\u00e3o m\u00e1gica para baixar o pre\u00e7o dos alimentos, inflados com ajuda do perdul\u00e1rio Pal\u00e1cio do Planalto.\n<\/p>\n<p>Na \u00faltima reuni\u00e3o de 2024, quando o BC ainda era comandado por Campos Neto, o Copom decidiu, por unanimidade e com o voto de Gal\u00edpolo, que era diretor de Pol\u00edtica Monet\u00e1ria, elevar em um ponto percentual a taxa b\u00e1sica de juros e anunciou mais duas eleva\u00e7\u00f5es na mesma intensidade para suas primeiras reuni\u00f5es deste ano.\n<\/p>\n<p>Segundo Campos Neto e o pr\u00f3prio Gal\u00edpolo, essa decis\u00e3o, criticada \u00e0 \u00e9poca, como de costume, pelos petistas, foi comandada pelo pr\u00f3prio indicado por Lula.\n<\/p>\n<p>Por conta de reclama\u00e7\u00f5es como essas e de insistentes reclama\u00e7\u00f5es p\u00fablicas de Lula contra o indicado de Jair Bolsonaro para o BC, que sugeriam sua inten\u00e7\u00e3o de controlar a flutua\u00e7\u00e3o da taxa b\u00e1sica de juros, a gest\u00e3o de Gal\u00edpolo come\u00e7a sob suspeita, que s\u00f3 ser\u00e3o dissipadas com uma atua\u00e7\u00e3o t\u00e9cnica.\n<\/p>\n<p>Fonte: O Antagonista              <\/p>\n<\/div>\n<p><br \/>\n<br \/><a href=\"https:\/\/diariodobrasilnoticias.com.br\/noticia\/de-acordo-com-o-jornal-estadao-gleisi-hoffmann-sera-ministra-no-governo-de-lula-679954414e872\">Source link <\/a><\/p>","protected":false},"excerpt":{"rendered":"<p>A presidente nacional do PT (Partido dos Trabalhadores), Gleisi Hoffman, ser\u00e1 a pr\u00f3xima ministra da Secretaria-Geral da Presid\u00eancia, do governo Lula (PT), a partir da reforma ministerial prevista para mar\u00e7o&hellip;<\/p>","protected":false},"author":1,"featured_media":96898,"comment_status":"closed","ping_status":"open","sticky":false,"template":"","format":"standard","meta":{"content-type":"","footnotes":""},"categories":[16],"tags":[123,2448,5313,1267],"class_list":["post-96897","post","type-post","status-publish","format-standard","has-post-thumbnail","hentry","category-noticias","tag-brasil","tag-diario","tag-noticia","tag-noticias"],"_links":{"self":[{"href":"https:\/\/tvbrazilusa.com\/pt\/wp-json\/wp\/v2\/posts\/96897","targetHints":{"allow":["GET"]}}],"collection":[{"href":"https:\/\/tvbrazilusa.com\/pt\/wp-json\/wp\/v2\/posts"}],"about":[{"href":"https:\/\/tvbrazilusa.com\/pt\/wp-json\/wp\/v2\/types\/post"}],"author":[{"embeddable":true,"href":"https:\/\/tvbrazilusa.com\/pt\/wp-json\/wp\/v2\/users\/1"}],"replies":[{"embeddable":true,"href":"https:\/\/tvbrazilusa.com\/pt\/wp-json\/wp\/v2\/comments?post=96897"}],"version-history":[{"count":1,"href":"https:\/\/tvbrazilusa.com\/pt\/wp-json\/wp\/v2\/posts\/96897\/revisions"}],"predecessor-version":[{"id":96899,"href":"https:\/\/tvbrazilusa.com\/pt\/wp-json\/wp\/v2\/posts\/96897\/revisions\/96899"}],"wp:featuredmedia":[{"embeddable":true,"href":"https:\/\/tvbrazilusa.com\/pt\/wp-json\/wp\/v2\/media\/96898"}],"wp:attachment":[{"href":"https:\/\/tvbrazilusa.com\/pt\/wp-json\/wp\/v2\/media?parent=96897"}],"wp:term":[{"taxonomy":"category","embeddable":true,"href":"https:\/\/tvbrazilusa.com\/pt\/wp-json\/wp\/v2\/categories?post=96897"},{"taxonomy":"post_tag","embeddable":true,"href":"https:\/\/tvbrazilusa.com\/pt\/wp-json\/wp\/v2\/tags?post=96897"}],"curies":[{"name":"wp","href":"https:\/\/api.w.org\/{rel}","templated":true}]}}