{"id":96905,"date":"2025-01-29T01:42:50","date_gmt":"2025-01-29T01:42:50","guid":{"rendered":"https:\/\/tvbrazilusa.com\/2025\/01\/29\/redes-sociais-precisam-de-regulacao-afirma-diretor-da-policia-federal\/"},"modified":"2025-01-29T01:42:52","modified_gmt":"2025-01-29T01:42:52","slug":"redes-sociais-precisam-de-regulacao-afirma-diretor-da-policia-federal","status":"publish","type":"post","link":"https:\/\/tvbrazilusa.com\/pt\/2025\/01\/29\/redes-sociais-precisam-de-regulacao-afirma-diretor-da-policia-federal\/","title":{"rendered":"&#8216;Redes sociais precisam de regula\u00e7\u00e3o&#8217;, afirma diretor da Pol\u00edcia Federal"},"content":{"rendered":"<p> <script async src=\"https:\/\/pagead2.googlesyndication.com\/pagead\/js\/adsbygoogle.js?client=ca-pub-8864793242727901\"\r\n     crossorigin=\"anonymous\"><\/script><br \/>\n<\/p>\n<div id=\"taboola-read-more\" style=\"display:block; width:100%\">\n<p>Andrei Rodrigues, diretor-geral da Pol\u00edcia Federal (PF), afirmou que redes sociais, como o Twitter\/X, Instagram e Facebook, precisam de regula\u00e7\u00e3o. Ele defendeu a ideia em uma entrevista ao programa Roda Viva, da TV Cultura.\n<\/p>\n<p>Rodrigues alega que, sem regras, esses espa\u00e7os digitais podem se tornar uma \u201cterra de ningu\u00e9m\u201d, em que crimes virtuais podem ser cometidos sem puni\u00e7\u00e3o.<\/p>\n<p>O diretor-geral da PF tamb\u00e9m afirmou que o objetivo da regulamenta\u00e7\u00e3o \u00e9 o combate a atividades ilegais no ambiente virtual, e n\u00e3o a censura de cr\u00edticas ou memes. Essa tamb\u00e9m seria a prioridade da ag\u00eancia.\n<\/p>\n<p>Discuss\u00e3o sobre a elei\u00e7\u00e3o de Trump<br \/>Rodrigues tamb\u00e9m abordou o contexto da elei\u00e7\u00e3o de Donald Trump e o apoio de l\u00edderes de tecnologia, como Elon Musk e Mark Zuckerberg.\n<\/p>\n<p>As mudan\u00e7as nas pol\u00edticas de modera\u00e7\u00e3o da Meta, anunciadas em 7 de janeiro, tamb\u00e9m foram destacadas como elementos que refor\u00e7am a necessidade de discuss\u00e3o sobre a regulamenta\u00e7\u00e3o.\n<\/p>\n<p>O debate sobre a regula\u00e7\u00e3o das redes sociais intensificou-se depois de Mark Zuckerberg anunciar o fim do sistema de verifica\u00e7\u00e3o de fatos nas plataformas da Meta.\n<\/p>\n<p>Esse movimento, juntamente com a suspens\u00e3o de algumas restri\u00e7\u00f5es a publica\u00e7\u00f5es, foi um catalisador para o governo brasileiro, sob a lideran\u00e7a de Luiz In\u00e1cio Lula da Silva (PT), refor\u00e7ar seu apoio a regula\u00e7\u00f5es mais rigorosas.\n<\/p>\n<p>Regula\u00e7\u00e3o de redes sociais \u00e9 pauta do governo Lula\n<\/p>\n<p>O presidente Lula quer que comunica\u00e7\u00e3o digital tenha as mesmas responsabilidades legais das m\u00eddias tradicionais. A Advocacia-Geral da Uni\u00e3o realizou uma audi\u00eancia p\u00fablica para debater as altera\u00e7\u00f5es propostas.\n<\/p>\n<p>No entanto, grandes empresas de tecnologia, como Meta, X, Alphabet (Google\/YouTube), Discord, LinkedIn, Kwai e TikTok, n\u00e3o compareceram \u00e0 audi\u00eancia, evidenciando os desafios no di\u00e1logo entre governo e big techs sobre a responsabilidade dessas plataformas.\n<\/p>\n<p>Paralelamente, o Supremo Tribunal Federal est\u00e1 julgando, desde novembro, dispositivos do Marco Civil da Internet. Esse julgamento pode estabelecer novos padr\u00f5es legais para o funcionamento das plataformas digitais no Brasil.\n<\/p>\n<p>Fonte: Revista Oeste              <\/p>\n<\/div>\n<p><br \/>\n<br \/><a href=\"https:\/\/diariodobrasilnoticias.com.br\/noticia\/-redes-sociais-precisam-de-regulacao-afirma-diretor-da-policia-federal-679954e06ec16\">Source link <\/a><\/p>","protected":false},"excerpt":{"rendered":"<p>Andrei Rodrigues, diretor-geral da Pol\u00edcia Federal (PF), afirmou que redes sociais, como o Twitter\/X, Instagram e Facebook, precisam de regula\u00e7\u00e3o. Ele defendeu a ideia em uma entrevista ao programa Roda&hellip;<\/p>","protected":false},"author":1,"featured_media":96906,"comment_status":"closed","ping_status":"open","sticky":false,"template":"","format":"standard","meta":{"content-type":"","footnotes":""},"categories":[16],"tags":[123,2448,5313,1267],"class_list":["post-96905","post","type-post","status-publish","format-standard","has-post-thumbnail","hentry","category-noticias","tag-brasil","tag-diario","tag-noticia","tag-noticias"],"_links":{"self":[{"href":"https:\/\/tvbrazilusa.com\/pt\/wp-json\/wp\/v2\/posts\/96905","targetHints":{"allow":["GET"]}}],"collection":[{"href":"https:\/\/tvbrazilusa.com\/pt\/wp-json\/wp\/v2\/posts"}],"about":[{"href":"https:\/\/tvbrazilusa.com\/pt\/wp-json\/wp\/v2\/types\/post"}],"author":[{"embeddable":true,"href":"https:\/\/tvbrazilusa.com\/pt\/wp-json\/wp\/v2\/users\/1"}],"replies":[{"embeddable":true,"href":"https:\/\/tvbrazilusa.com\/pt\/wp-json\/wp\/v2\/comments?post=96905"}],"version-history":[{"count":1,"href":"https:\/\/tvbrazilusa.com\/pt\/wp-json\/wp\/v2\/posts\/96905\/revisions"}],"predecessor-version":[{"id":96907,"href":"https:\/\/tvbrazilusa.com\/pt\/wp-json\/wp\/v2\/posts\/96905\/revisions\/96907"}],"wp:featuredmedia":[{"embeddable":true,"href":"https:\/\/tvbrazilusa.com\/pt\/wp-json\/wp\/v2\/media\/96906"}],"wp:attachment":[{"href":"https:\/\/tvbrazilusa.com\/pt\/wp-json\/wp\/v2\/media?parent=96905"}],"wp:term":[{"taxonomy":"category","embeddable":true,"href":"https:\/\/tvbrazilusa.com\/pt\/wp-json\/wp\/v2\/categories?post=96905"},{"taxonomy":"post_tag","embeddable":true,"href":"https:\/\/tvbrazilusa.com\/pt\/wp-json\/wp\/v2\/tags?post=96905"}],"curies":[{"name":"wp","href":"https:\/\/api.w.org\/{rel}","templated":true}]}}