{"id":96917,"date":"2025-01-29T02:22:09","date_gmt":"2025-01-29T02:22:09","guid":{"rendered":"https:\/\/tvbrazilusa.com\/2025\/01\/29\/primario-tees-up-senador-estadual-vs-professor-para-o-distrito-6-do-congresso-jacksonville-hoje\/"},"modified":"2025-01-29T02:25:59","modified_gmt":"2025-01-29T02:25:59","slug":"primario-tees-up-senador-estadual-vs-professor-para-o-distrito-6-do-congresso-jacksonville-hoje","status":"publish","type":"post","link":"https:\/\/tvbrazilusa.com\/pt\/2025\/01\/29\/primario-tees-up-senador-estadual-vs-professor-para-o-distrito-6-do-congresso-jacksonville-hoje\/","title":{"rendered":"Prim\u00e1rio Tees Up Senador Estadual vs. Professor para o Distrito 6 do Congresso | Jacksonville hoje"},"content":{"rendered":"<p> <script async src=\"https:\/\/pagead2.googlesyndication.com\/pagead\/js\/adsbygoogle.js?client=ca-pub-8864793242727901\"\r\n     crossorigin=\"anonymous\"><\/script><br \/>\n<\/p>\n<div>\n<p>Ap\u00f3s uma elei\u00e7\u00e3o prim\u00e1ria especial de fora da temporada na ter\u00e7a-feira, o palco est\u00e1 marcado para as elei\u00e7\u00f5es gerais de 1\u00ba de abril para o assento do Distrito 6 do Congresso, que o deputado republicano Michael Waltz desistiu de servir como consultor de seguran\u00e7a nacional do presidente Donald Trump. <\/p>\n<p>Os vencedores nas elei\u00e7\u00f5es prim\u00e1rias especiais foram o senador republicano do condado de Brevard, Randy Fine, e o democrata de Orlando Josh Weil, professor.<\/p>\n<p>As elei\u00e7\u00f5es prim\u00e1rias da Fl\u00f3rida est\u00e3o fechadas, o que significa que apenas os eleitores registrados em um partido pol\u00edtico podem votar. Republicanos e democratas na \u00e1rea de seis condados do Distrito 6 selecionaram seus candidatos preferidos para enfrentar as elei\u00e7\u00f5es gerais de abril.<\/p>\n<p>Fine e Weil enfrentar\u00e3o um candidato do Partido Libert\u00e1rio, um candidato que n\u00e3o \u00e9 afiliado a um partido pol\u00edtico e um candidato para o assento na C\u00e2mara dos Deputados dos EUA que abrange partes dos condados de St. Johns, Flagler e Putnam. Atualmente, nenhum deles mora no distrito que est\u00e1 concorrendo para representar. <\/p>\n<p>Fine serviu na C\u00e2mara do Estado desde 2016 e foi eleito para o Senado da Fl\u00f3rida h\u00e1 dois meses. Bem tem <a href=\"https:\/\/jaxtoday.org\/2024\/12\/24\/randy-fine-bills-congress\/\">arquivou v\u00e1rias contas recentes<\/a>inclusive para diminuir a idade em que os floridianos podem comprar armas de fogo e rescindir as mensalidades da faculdade no estado para os filhos de pais sem documentos.<\/p>\n<p>Fine recebeu um endosso do presidente Donald Trump, de quem ele tem sido um defensor firme.<\/p>\n<p>O candidato republicano n\u00e3o p\u00f4de ser encontrado para comentar na noite de ter\u00e7a -feira, mas Fine publicado nas m\u00eddias sociais que Deus havia salvado a vida de Trump \u201cpara poder salvar o mundo. E hoje \u00e0 noite, os dois, alimentados por minha fam\u00edlia incr\u00edvel e todos voc\u00eas que votaram em mim, me colocam um passo mais perto de poder ajud\u00e1 -los a fazer isso. \u201d <\/p>\n<blockquote class=\"twitter-tweet\">\n<p lang=\"en\" dir=\"ltr\">GD salvo <a href=\"https:\/\/twitter.com\/realDonaldTrump?ref_src=twsrc%5Etfw\" rel=\"nofollow noopener\" target=\"_blank\">@RealDonaldTrump<\/a>A vida \u00e9 para que ele pudesse salvar o mundo. E hoje \u00e0 noite, os dois, alimentados por minha incr\u00edvel fam\u00edlia e todos voc\u00eas que votaram em mim, me colocam um passo mais perto de poder ajud\u00e1 -lo a fazer isso. Eu juro que n\u00e3o vou decepcionar nenhum de voc\u00eas.<\/p>\n<p>&#8211; Senador Randy Fine (@Voterandyfine) <a href=\"https:\/\/twitter.com\/VoteRandyFine\/status\/1884403659322339402?ref_src=twsrc%5Etfw\" rel=\"nofollow noopener\" target=\"_blank\">29 de janeiro de 2025<\/a><\/p><\/blockquote>\n<p>Weil, um professor que mora em Orlando, ganhou a prim\u00e1ria democrata sobre George &#8220;Ges&#8221; Selmont. <\/p>\n<p>Weil se descreve como um democrata progressista e afirma em seu site que ele foi transferido para concorrer ao assento do Distrito 6 para evitar o controle do Congresso de Trump. <\/p>\n<p><a href=\"https:\/\/www.joshweil.us\/\" rel=\"nofollow noopener\" target=\"_blank\">Site da campanha de Weil<\/a> Especificamente, crava em Fine, que ele chamou de &#8220;infantil e odioso&#8221;. <\/p>\n<p>\u201cFine \u00e9 o ep\u00edtome de tudo o que h\u00e1 de errado com a Am\u00e9rica hoje, e faz\u00ea -lo garantir que Trump tenha os votos de que precisa para desmontar o Departamento de Educa\u00e7\u00e3o, derrubar a Lei de Assist\u00eancia Acess\u00edvel e aprovar uma proibi\u00e7\u00e3o federal de direitos de aborto e feminino Acesso aos cuidados de sa\u00fade \u201d, escreve Weil.<\/p>\n<p>O hist\u00f3rico de Weil inclui trabalhar com estudantes em risco no centro da Fl\u00f3rida. Atualmente, ele trabalha em uma escola secund\u00e1ria no condado de Osceola.<\/p>\n<p>Weil tamb\u00e9m n\u00e3o p\u00f4de ser contatado para comentar na noite das elei\u00e7\u00f5es. <\/p>\n<\/div>\n<p><script async src=\"\/\/platform.twitter.com\/widgets.js\" charset=\"utf-8\"><\/script><br \/>\n<br \/><br \/>\n<br \/><a href=\"https:\/\/jaxtoday.org\/2025\/01\/28\/primary-tees-up-state-senator-vs-teacher-for-congressional-district-6\/\">Source link <\/a><\/p>","protected":false},"excerpt":{"rendered":"<p>Ap\u00f3s uma elei\u00e7\u00e3o prim\u00e1ria especial de fora da temporada na ter\u00e7a-feira, o palco est\u00e1 marcado para as elei\u00e7\u00f5es gerais de 1\u00ba de abril para o assento do Distrito 6 do&hellip;<\/p>","protected":false},"author":1,"featured_media":96918,"comment_status":"closed","ping_status":"open","sticky":false,"template":"","format":"standard","meta":{"content-type":"","footnotes":""},"categories":[1],"tags":[],"class_list":["post-96917","post","type-post","status-publish","format-standard","has-post-thumbnail","hentry","category-uncategorized"],"_links":{"self":[{"href":"https:\/\/tvbrazilusa.com\/pt\/wp-json\/wp\/v2\/posts\/96917","targetHints":{"allow":["GET"]}}],"collection":[{"href":"https:\/\/tvbrazilusa.com\/pt\/wp-json\/wp\/v2\/posts"}],"about":[{"href":"https:\/\/tvbrazilusa.com\/pt\/wp-json\/wp\/v2\/types\/post"}],"author":[{"embeddable":true,"href":"https:\/\/tvbrazilusa.com\/pt\/wp-json\/wp\/v2\/users\/1"}],"replies":[{"embeddable":true,"href":"https:\/\/tvbrazilusa.com\/pt\/wp-json\/wp\/v2\/comments?post=96917"}],"version-history":[{"count":1,"href":"https:\/\/tvbrazilusa.com\/pt\/wp-json\/wp\/v2\/posts\/96917\/revisions"}],"predecessor-version":[{"id":96919,"href":"https:\/\/tvbrazilusa.com\/pt\/wp-json\/wp\/v2\/posts\/96917\/revisions\/96919"}],"wp:featuredmedia":[{"embeddable":true,"href":"https:\/\/tvbrazilusa.com\/pt\/wp-json\/wp\/v2\/media\/96918"}],"wp:attachment":[{"href":"https:\/\/tvbrazilusa.com\/pt\/wp-json\/wp\/v2\/media?parent=96917"}],"wp:term":[{"taxonomy":"category","embeddable":true,"href":"https:\/\/tvbrazilusa.com\/pt\/wp-json\/wp\/v2\/categories?post=96917"},{"taxonomy":"post_tag","embeddable":true,"href":"https:\/\/tvbrazilusa.com\/pt\/wp-json\/wp\/v2\/tags?post=96917"}],"curies":[{"name":"wp","href":"https:\/\/api.w.org\/{rel}","templated":true}]}}