{"id":96964,"date":"2025-01-29T11:30:37","date_gmt":"2025-01-29T11:30:37","guid":{"rendered":"https:\/\/tvbrazilusa.com\/2025\/01\/29\/brasil-nao-tem-politica-de-acolhimento-para-pessoas-deportadas\/"},"modified":"2025-01-29T11:30:38","modified_gmt":"2025-01-29T11:30:38","slug":"brasil-nao-tem-politica-de-acolhimento-para-pessoas-deportadas","status":"publish","type":"post","link":"https:\/\/tvbrazilusa.com\/pt\/2025\/01\/29\/brasil-nao-tem-politica-de-acolhimento-para-pessoas-deportadas\/","title":{"rendered":"Brasil n\u00e3o tem pol\u00edtica de acolhimento para pessoas deportadas"},"content":{"rendered":"<p> <script async src=\"https:\/\/pagead2.googlesyndication.com\/pagead\/js\/adsbygoogle.js?client=ca-pub-8864793242727901\"\r\n     crossorigin=\"anonymous\"><\/script><br \/>\n<\/p>\n<div id=\"taboola-read-more\" style=\"display:block; width:100%\">\n<p>Ainda que detentor de uma pol\u00edtica migrat\u00f3ria cujas linhas gerais s\u00e3o elogiadas internacionalmente, o Brasil n\u00e3o possui um plano para os seus cidad\u00e3os que emigraram e foram for\u00e7ados a voltar para casa: os deportados.\n<\/p>\n<p>O tema ganhou proje\u00e7\u00e3o com a promessa de Donald Trump de que a expuls\u00e3o de imigrantes em situa\u00e7\u00e3o irregular ser\u00e1 o mote de seu novo governo nos Estados Unidos, mas n\u00e3o era de menor relev\u00e2ncia, mesmo que passasse por baixo dos holofotes. Ao longo dos \u00faltimos quatro anos, o Brasil recebeu mais de 7.100 deportados dos EUA.<\/p>\n<p>Pa\u00edses como M\u00e9xico, Guatemala e Honduras, que historicamente recebem um volume de compatriotas deportados muito superior ao do Brasil, j\u00e1 possuem pol\u00edticas de acolhimento e reinser\u00e7\u00e3o dos imigrantes. Neste m\u00eas, diante das amea\u00e7as vindas de Washington, os governos dessas na\u00e7\u00f5es anunciaram a amplia\u00e7\u00e3o e a diversifica\u00e7\u00e3o de seus projetos na \u00e1rea.\n<\/p>\n<p>Agora, o governo Lula (PT), que fez uma publica\u00e7\u00e3o recente nas redes sociais afirmando que deportados \u201cs\u00e3o dignos de respeito\u201d, corre para pensar em a\u00e7\u00f5es paliativas. A ministra dos Direitos Humanos, Maca\u00e9 Evaristo, est\u00e1 puxando a iniciativa na gest\u00e3o.\n<\/p>\n<p>Ao chegar ao Brasil em voos fretados pelos EUA e normalmente pelo Aeroporto Internacional de Confins, em Minas Gerais \u2014j\u00e1 que h\u00e1 uma emigra\u00e7\u00e3o hist\u00f3rica de mineiros para os Estados Unidos\u2014, os deportados passam pelo controle da Pol\u00edcia Federal (PF), de praxe para qualquer cidad\u00e3o, e n\u00e3o costumam receber apoio.\n<\/p>\n<p>\u00c9 um tema sens\u00edvel em especial pela insist\u00eancia na migra\u00e7\u00e3o. Pessoas que chegam ao pa\u00eds sem perspectiva de reconstruir a vida na terra natal, e muitas delas ap\u00f3s anos nos Estados Unidos, n\u00e3o incomumente tentam novamente emigrar com a ajuda de coiotes. H\u00e1 um impacto material, mas tamb\u00e9m de car\u00e1ter ps\u00edquico em suas vidas.\n<\/p>\n<p>A reportagem apurou que o tema mais de uma vez apareceu na mesa do governo. Com o retorno de Lula ao poder, deu-se in\u00edcio \u00e0s conversas para finalmente elaborar uma pol\u00edtica de migra\u00e7\u00f5es, demanda da Lei de Migra\u00e7\u00e3o assinada em 2017 e que nunca saiu do papel.\n<\/p>\n<p>Uma equipe chegou a produzir um documento, que at\u00e9 aqui n\u00e3o foi aprovado. Um de seus artigos dizia que \u201cas pessoas brasileiras retornadas e as n\u00e3o admitidas no exterior, bem como seus familiares, ser\u00e3o p\u00fablico-alvo de a\u00e7\u00f5es de promo\u00e7\u00e3o de direitos, inser\u00e7\u00e3o socioecon\u00f4mica e integra\u00e7\u00e3o local\u201d. Nada foi para a frente.\n<\/p>\n<p>Mesmo cidades que historicamente s\u00e3o polos exportadores de m\u00e3o de obra (e, assim, tamb\u00e9m s\u00e3o destino comum de deportados), como a mineira Governador Valadares, n\u00e3o possuem uma pol\u00edtica espec\u00edfica. Quando a gest\u00e3o do munic\u00edpio foi questionada sobre o tema, disse que vai \u201caguardar essa chegada\u201d para analisar \u201cos pr\u00f3ximos passos\u201d.\n<\/p>\n<p>\u00c9 certo que \u00e9 nebulosa a resposta de quantos brasileiros devem ser deportados nos pr\u00f3ximos meses e anos. Sabe-se apenas que o n\u00famero de cidad\u00e3os do pa\u00eds em situa\u00e7\u00e3o irregular hoje nos EUA \u00e9 estimado em 230 mil. Mas n\u00e3o h\u00e1 pistas de quantos entrar\u00e3o na mira dos \u00f3rg\u00e3os de seguran\u00e7a de Donald Trump.\n<\/p>\n<p>A ministra Maca\u00e9 Evaristo (Direitos Humanos) anunciou ap\u00f3s reuni\u00e3o com Lula e outros de seus pares na tarde desta ter\u00e7a (28) a cria\u00e7\u00e3o de um posto de atendimento humanizado em Confins. O projeto seguiria o modelo da estrutura que h\u00e1 20 anos j\u00e1 existe no Aeroporto Internacional de Guarulhos, em S\u00e3o Paulo.\n<\/p>\n<p>A iniciativa no maior aeroporto do pa\u00eds, por\u00e9m, precisa ser olhada com cautela. Inicialmente criada para combater o tr\u00e1fico de pessoas, foi nos \u00faltimos anos dominada pelos atendimentos a migrantes afeg\u00e3os que chegavam e por dias, semanas ou meses moravam no terminal 2 do aeroporto. \u00c9 um aparato de atendimento imediato e importante, mas quem acompanha o tema diz que \u00e9 preciso fazer mais.\n<\/p>\n<p>H\u00e1 mais de 30 anos acompanhando hist\u00f3rias de pessoas deportadas, a professora Sueli Siqueira, da Universidade Vale do Rio Doce, diz que o atendimento psicol\u00f3gico \u00e9 o mais importante. \u201cN\u00e3o adianta dar acesso ao mercado de trabalho se eles acabaram de sair de situa\u00e7\u00f5es p\u00f3s-traum\u00e1ticas e se muitos ainda est\u00e3o em nega\u00e7\u00e3o.\u201d\n<\/p>\n<p>Siqueira observa que os deportados muitas vezes retornam confusos e sem o que ela chama de \u201cdimens\u00e3o econ\u00f4mica\u201d.\n<\/p>\n<p>Eles gastam as suas economias que trouxeram em d\u00f3lares com facilidade e sem objetivos coesos. Uma de suas pesquisas acad\u00eamicas mostrou que 70% do que os deportados levam ao Brasil s\u00e3o perdidos. N\u00e3o \u00e9 incomum que eles tentem retornar aos EUA.\n<\/p>\n<p><strong>Folha de S\u00e3o Paulo<\/strong>              <\/p>\n<\/div>\n<p><br \/>\n<br \/><a href=\"https:\/\/diariodobrasilnoticias.com.br\/noticia\/brasil-nao-tem-politica-de-acolhimento-para-pessoas-deportadas-6799ff753405a\">Source link <\/a><\/p>","protected":false},"excerpt":{"rendered":"<p>Ainda que detentor de uma pol\u00edtica migrat\u00f3ria cujas linhas gerais s\u00e3o elogiadas internacionalmente, o Brasil n\u00e3o possui um plano para os seus cidad\u00e3os que emigraram e foram for\u00e7ados a voltar&hellip;<\/p>","protected":false},"author":1,"featured_media":96965,"comment_status":"closed","ping_status":"open","sticky":false,"template":"","format":"standard","meta":{"content-type":"","footnotes":""},"categories":[16],"tags":[123,2448,5313,1267],"class_list":["post-96964","post","type-post","status-publish","format-standard","has-post-thumbnail","hentry","category-noticias","tag-brasil","tag-diario","tag-noticia","tag-noticias"],"_links":{"self":[{"href":"https:\/\/tvbrazilusa.com\/pt\/wp-json\/wp\/v2\/posts\/96964","targetHints":{"allow":["GET"]}}],"collection":[{"href":"https:\/\/tvbrazilusa.com\/pt\/wp-json\/wp\/v2\/posts"}],"about":[{"href":"https:\/\/tvbrazilusa.com\/pt\/wp-json\/wp\/v2\/types\/post"}],"author":[{"embeddable":true,"href":"https:\/\/tvbrazilusa.com\/pt\/wp-json\/wp\/v2\/users\/1"}],"replies":[{"embeddable":true,"href":"https:\/\/tvbrazilusa.com\/pt\/wp-json\/wp\/v2\/comments?post=96964"}],"version-history":[{"count":1,"href":"https:\/\/tvbrazilusa.com\/pt\/wp-json\/wp\/v2\/posts\/96964\/revisions"}],"predecessor-version":[{"id":96966,"href":"https:\/\/tvbrazilusa.com\/pt\/wp-json\/wp\/v2\/posts\/96964\/revisions\/96966"}],"wp:featuredmedia":[{"embeddable":true,"href":"https:\/\/tvbrazilusa.com\/pt\/wp-json\/wp\/v2\/media\/96965"}],"wp:attachment":[{"href":"https:\/\/tvbrazilusa.com\/pt\/wp-json\/wp\/v2\/media?parent=96964"}],"wp:term":[{"taxonomy":"category","embeddable":true,"href":"https:\/\/tvbrazilusa.com\/pt\/wp-json\/wp\/v2\/categories?post=96964"},{"taxonomy":"post_tag","embeddable":true,"href":"https:\/\/tvbrazilusa.com\/pt\/wp-json\/wp\/v2\/tags?post=96964"}],"curies":[{"name":"wp","href":"https:\/\/api.w.org\/{rel}","templated":true}]}}