{"id":9698,"date":"2024-07-27T01:20:26","date_gmt":"2024-07-27T01:20:26","guid":{"rendered":"https:\/\/tvbrazilusa.com\/2024\/07\/27\/ditadura-de-maduro-impede-entrada-de-autoridades-estrangeiras-na-venezuela-paulo-figueiredo\/"},"modified":"2024-07-27T03:16:41","modified_gmt":"2024-07-27T03:16:41","slug":"ditadura-de-maduro-impede-entrada-de-autoridades-estrangeiras-na-venezuela-paulo-figueiredo","status":"publish","type":"post","link":"https:\/\/tvbrazilusa.com\/pt\/2024\/07\/27\/ditadura-de-maduro-impede-entrada-de-autoridades-estrangeiras-na-venezuela-paulo-figueiredo\/","title":{"rendered":"Ditadura de Maduro impede entrada de autoridades estrangeiras na Venezuela &#8211; Paulo Figueiredo"},"content":{"rendered":"<p> <script async src=\"https:\/\/pagead2.googlesyndication.com\/pagead\/js\/adsbygoogle.js?client=ca-pub-8864793242727901\"\r\n     crossorigin=\"anonymous\"><\/script><br \/>\n<\/p>\n<div id=\"wtr-content\" data-bg=\"#FFFFFF\" data-fg=\"#006d91\" data-width=\"25\" data-mute=\"1\" data-fgopacity=\"1.00\" data-mutedopacity=\"0.5\" data-placement=\"bottom\" data-placement-offset=\"0\" data-content-offset=\"262\" data-placement-touch=\"bottom\" data-placement-offset-touch=\"0\" data-transparent=\"\" data-shadow=\"0\" data-touch=\"1\" data-non-touch=\"1\" data-comments=\"0\" data-commentsbg=\"transparent\" data-location=\"page\" data-mutedfg=\"#006d91\" data-endfg=\"#006d91\" data-rtl=\"\">\n<pre class=\"wp-block-preformatted has-small-font-size\"><em>Foto - Juan Barreto<\/em><\/pre>\n<h3 class=\"wp-block-heading\">Delega\u00e7\u00e3o do Partido Popular espanhol foi detida no Aeroporto de Caracas; o grupo foi convidado pela oposi\u00e7\u00e3o do ditador chavista<\/h3>\n<p>A ditadura de Nicol\u00e1s Maduro impediu, nesta sexta-feira, 26, a entrada de autoridades estrangeiras na Venezuela.<\/p>\n<p>De acordo com Alberto N\u00fa\u00f1ez Feij\u00f3o, l\u00edder do Partido Popular (PP) da Espanha, a delega\u00e7\u00e3o da sigla foi detida no Aeroporto de Caracas. A equipe \u00e9 composta de dez deputados, senadores e parlamentares europeus.<\/p>\n<p>O grupo foi enviado \u00e0 Venezuela para apoiar a oposi\u00e7\u00e3o contra o ditador nas elei\u00e7\u00f5es do pr\u00f3ximo domingo, 28.<\/p>\n<p>Os parlamentares espanh\u00f3is, convidados pela principal opositora de Maduro, Mar\u00eda Corina Machado, foram interrogados logo que chegaram. Pouco depois, as autoridades disseram que eles seriam deportados.<\/p>\n<p>Feij\u00f3o exigiu, em seu perfil no Twitter\/X, a libera\u00e7\u00e3o imediata da delega\u00e7\u00e3o do PP. Al\u00e9m disso, pediu que o governo da Espanha tomasse as medidas necess\u00e1rias.<\/p>\n<p>\u201cAcabo de ser informado que a delega\u00e7\u00e3o do PP est\u00e1 detida no aeroporto de Caracas pelo regime de Maduro\u201d, informou Feij\u00f3o. \u201cExijo a sua liberta\u00e7\u00e3o imediata e que o governo de Espanha forne\u00e7a os meios necess\u00e1rios para que isso ocorra.\u201d<\/p>\n<figure class=\"wp-block-embed is-type-rich is-provider-twitter wp-block-embed-twitter\">\n<div class=\"wp-block-embed__wrapper\">\n<blockquote class=\"twitter-tweet\" data-width=\"550\" data-dnt=\"true\">\n<p lang=\"es\" dir=\"ltr\">Me acaban de comunicar que la delegaci\u00f3n del <a href=\"https:\/\/twitter.com\/ppopular?ref_src=twsrc%5Etfw\">@ppopular<\/a> formada por 10 diputados, senadores y europarlamentarios est\u00e1 retenida en el aeropuerto de Caracas por el r\u00e9gimen de Maduro.<\/p>\n<p>Exijo su liberaci\u00f3n inmediata y que el Gobierno de Espa\u00f1a ponga los medios necesarios a tal fin.<\/p>\n<p>\u2014 Alberto N\u00fa\u00f1ez Feij\u00f3o (@NunezFeijoo) <a href=\"https:\/\/twitter.com\/NunezFeijoo\/status\/1816939697333240238?ref_src=twsrc%5Etfw\">July 26, 2024<\/a><\/p><\/blockquote>\n<\/div>\n<\/figure>\n<p>O presidente do partido espanhol tamb\u00e9m mencionou que est\u00e1 em contato com Mar\u00eda Corina. Ela, que foi impedida de disputar a Presid\u00eancia da Venezuela pelo regime sob comando de Maduro, destacou o apoio dos democratas venezuelanos frente \u00e0s amea\u00e7as da ditadura chavista.<\/p>\n<h3 class=\"wp-block-heading\">Ditadura de Nicol\u00e1s Maduro teme as elei\u00e7\u00f5es, diz l\u00edder do PP<\/h3>\n<p>O presidente do PP afirmou que o regime de Maduro teme uma poss\u00edvel mudan\u00e7a que pode surgir com as elei\u00e7\u00f5es do pr\u00f3ximo domingo.<\/p>\n<p>Conforme as fontes do partido, a delega\u00e7\u00e3o chegou na Venezuela \u00e0s 21h e, desde ent\u00e3o, ficou detida.<\/p>\n<p>O grupo passou por interrogat\u00f3rio e, depois de ficar sem acesso a dispositivos m\u00f3veis, um dos membros conseguiu enviar uma mensagem para Madrid, na Espanha. \u201cEles est\u00e3o nos expulsando\u201d, disse.<\/p>\n<h3 class=\"wp-block-heading\">\u201cO chavismo n\u00e3o quer testemunas\u201d<\/h3>\n<p>A Dire\u00e7\u00e3o Nacional do partido em Madri tentou entrar em contato com os parlamentares detidos.<\/p>\n<p>Miguel Tellado, porta-voz do PP no Congresso da Espanha, publicou um v\u00eddeo em que denuncia a situa\u00e7\u00e3o. Ele expressa apoio \u00e0 candidaturas de Edmundo Gonz\u00e1lez Urrutia, que \u00e9 aliado de Mar\u00eda Corina Machado.<\/p>\n<blockquote class=\"wp-block-quote is-layout-flow wp-block-quote-is-layout-flow\">\n<p>\u201cO tirano Maduro comportou-se como \u00e9 e nos impediu de entrar na Venezuela, apesar de ter sido convidado pela candidatura de Edmundo Gonz\u00e1lez e Mar\u00eda Corina Machado\u201d, afirmou Tellado, depois de recuperar o acesso ao seu celular. \u201cO chavismo n\u00e3o quer testemunhas. N\u00e3o querem que a comunidade internacional tenha olhos e ouvidos na Venezuela. Por isso, impediram a entrada de delega\u00e7\u00f5es de diversos pa\u00edses.\u201d<\/p>\n<\/blockquote>\n<p>O porta-voz da legenda espanhola classificou a a\u00e7\u00e3o da ditadura chavista como \u201cdesespero diante de uma maioria comprometida com a mudan\u00e7a. \u201cN\u00e3o permitir que os representantes p\u00fablicos observem o desenrolar de uma elei\u00e7\u00e3o \u00e9 anunciar antecipadamente a inten\u00e7\u00e3o de os manipular.\u201d<\/p>\n<figure class=\"wp-block-embed is-type-rich is-provider-twitter wp-block-embed-twitter\">\n<div class=\"wp-block-embed__wrapper\">\n<blockquote class=\"twitter-tweet\" data-width=\"550\" data-dnt=\"true\">\n<p lang=\"es\" dir=\"ltr\">Estamos en el aeropuerto de Caracas, donde ha ocurrido lo que nos tem\u00edamos que pod\u00eda pasar.<\/p>\n<p>El tirano Maduro se ha comportado como lo que es y nos ha impedido la entrada a Venezuela, pese a estar invitados por la candidatura de <a href=\"https:\/\/twitter.com\/EdmundoGU?ref_src=twsrc%5Etfw\">@EdmundoGU<\/a> y <a href=\"https:\/\/twitter.com\/MariaCorinaYA?ref_src=twsrc%5Etfw\">@MariaCorinaYA<\/a>. <a href=\"https:\/\/t.co\/skRmWN4vWn\">pic.twitter.com\/skRmWN4vWn<\/a><\/p>\n<p>\u2014 Miguel Tellado (@Mtelladof) <a href=\"https:\/\/twitter.com\/Mtelladof\/status\/1816948019842928870?ref_src=twsrc%5Etfw\">July 26, 2024<\/a><\/p><\/blockquote>\n<\/div>\n<\/figure>\n<p>Al\u00e9m de Tellado, a vice-porta-voz do Grupo Parlamentar Popular no Congresso dos Deputados da Espanha,\u00a0<strong>Cayetana \u00c1lvarez de Toledo<\/strong>, que tamb\u00e9m esteve detida com a delega\u00e7\u00e3o do PP, expressou indigna\u00e7\u00e3o frente ao epis\u00f3dio.<\/p>\n<figure class=\"wp-block-embed is-type-rich is-provider-twitter wp-block-embed-twitter\">\n<div class=\"wp-block-embed__wrapper\">\n<blockquote class=\"twitter-tweet\" data-width=\"550\" data-dnt=\"true\">\n<p lang=\"pt\" dir=\"ltr\">A ditadura do venezuelano Nicol\u00e1s Maduro impediu, nesta sexta-feira, 26, a entrada de autoridades estrangeiras na Venezuela. De acordo com Alberto N\u00fa\u00f1ez Feij\u00f3o, l\u00edder do Partido Popular espanhol, a delega\u00e7\u00e3o da sigla foi detida no Aeroporto de Caracas. <a href=\"https:\/\/t.co\/2p7OhwfsfJ\">pic.twitter.com\/2p7OhwfsfJ<\/a><\/p>\n<p>\u2014 Revista Oeste (@revistaoeste) <a href=\"https:\/\/twitter.com\/revistaoeste\/status\/1816980338410749997?ref_src=twsrc%5Etfw\">July 26, 2024<\/a><\/p><\/blockquote>\n<\/div>\n<\/figure>\n<p>Em um v\u00eddeo publicado em seu perfil no Twitter\/X, Cayetana desejou \u201cfor\u00e7a e esperan\u00e7a\u201d aos venezuelanos e pediu que \u201cvotem massivamente\u201d no domingo.<\/p>\n<blockquote class=\"wp-block-quote is-layout-flow wp-block-quote-is-layout-flow\">\n<p>\u201cVotem para que este pa\u00eds abra as portas e as janelas e seja uma na\u00e7\u00e3o livre, democr\u00e1tica, forte, pr\u00f3spera e vibrante que tem todo o direito a ser\u201d, pediu Cayetana. \u201cViva a liberdade, viva a Venezuela livre.\u201d<\/p>\n<\/blockquote>\n<p>A comiss\u00e3o do PP era composta pelos deputados Sebasti\u00e3o Bugalho e Juan Salafranca; por Miguel Tellado; pelos deputados Macarena Montesinos, Bel\u00e9n Hoyo e Cayetana \u00c1lvarez de Toledo; al\u00e9m dos senadores Juanjo Matar\u00ed e Alfonso Serrano (tamb\u00e9m secret\u00e1rio-geral do PP de Madri).<\/p>\n<h3 class=\"wp-block-heading\">Avi\u00e3o com ex-presidente do Panam\u00e1 \u00e9 proibido de decolar para a Venezuela<\/h3>\n<p>O presidente do Panam\u00e1, Jos\u00e9 Raul Mulino, disse, nesta sexta-feira, que um avi\u00e3o com ex-presidentes\u00a0a caminho da Venezuela\u00a0n\u00e3o foi autorizado a decolar. Ele teria sido bloqueado do espa\u00e7o a\u00e9reo venezuelano.<\/p>\n<p><strong>Na semana passada, a Venezuela emitiu um decreto que fecha as movimenta\u00e7\u00f5es pela fronteira por terra, ar e mar<\/strong>\u00a0a partir da meia-noite desta sexta-feira.<\/p>\n<p>Entre os passageiros do avi\u00e3o estavam a ex-presidente panamenha Mireya Moscoso e outros ex-presidentes. \u201cA aeronave teve permiss\u00e3o negada para decolar de Tocumen enquanto eles permanecessem a bordo\u201d, escreveu Mulino em seu perfil no Twitter\/X.<\/p>\n<figure class=\"wp-block-embed is-type-rich is-provider-twitter wp-block-embed-twitter\">\n<div class=\"wp-block-embed__wrapper\">\n<blockquote class=\"twitter-tweet\" data-width=\"550\" data-dnt=\"true\">\n<p lang=\"es\" dir=\"ltr\">Avi\u00f3n de Copa que transportaba a Presidenta Moscoso y otros expresidentes rumbo a Venezuela  no ha sido permitido despegar desde Tocumen mientras ellos se mantengan abordo, por el bloqueo del espacio a\u00e9reo venezolano. Igual otro vuelo de Copa hacia Panam\u00e1 desde Caracas no ha sigo\u2026<\/p>\n<p>\u2014 Jos\u00e9 Ra\u00fal Mulino (@JoseRaulMulino) <a href=\"https:\/\/twitter.com\/JoseRaulMulino\/status\/1816888156089680276?ref_src=twsrc%5Etfw\">July 26, 2024<\/a><\/p><\/blockquote>\n<\/div>\n<\/figure>\n<p>Ele tamb\u00e9m mencionou que outro voo da Copa Airlines, do Panam\u00e1, que estava a caminho da Cidade do Panam\u00e1 para Caracas, n\u00e3o recebeu autoriza\u00e7\u00e3o para decolar.<\/p>\n<p><strong><a href=\"https:\/\/revistaoeste.com\/mundo\/ditadura-de-maduro-impede-entrada-de-autoridades-estrangeiras-na-venezuela\/\">Source link<\/a><\/strong><\/p>\n<\/div>\n<p><script async src=\"\/\/platform.twitter.com\/widgets.js\" charset=\"utf-8\"><\/script><br \/>\n<br \/><br \/>\n<br \/><a href=\"https:\/\/paulofigueiredoshow.com\/ditadura-de-maduro-impede-entrada-de-autoridades-estrangeiras-na-venezuela\/\">Source link <\/a><\/p>","protected":false},"excerpt":{"rendered":"<p>Foto &#8211; Juan Barreto Delega\u00e7\u00e3o do Partido Popular espanhol foi detida no Aeroporto de Caracas; o grupo foi convidado pela oposi\u00e7\u00e3o do ditador chavista A ditadura de Nicol\u00e1s Maduro impediu,&hellip;<\/p>","protected":false},"author":1,"featured_media":9699,"comment_status":"closed","ping_status":"open","sticky":false,"template":"","format":"standard","meta":{"content-type":"","footnotes":""},"categories":[16],"tags":[1735,2459,2460,1992,2461,2462,1100,2463,1636,2464,1590,883,2465,2466,1101],"class_list":["post-9698","post","type-post","status-publish","format-standard","has-post-thumbnail","hentry","category-noticias","tag-28-07","tag-caracas","tag-chavismo","tag-de","tag-decreto","tag-delegacao","tag-ditador","tag-entrar","tag-espanha","tag-estrangeiras","tag-maduro","tag-pais","tag-panama","tag-pp","tag-venezuela"],"_links":{"self":[{"href":"https:\/\/tvbrazilusa.com\/pt\/wp-json\/wp\/v2\/posts\/9698","targetHints":{"allow":["GET"]}}],"collection":[{"href":"https:\/\/tvbrazilusa.com\/pt\/wp-json\/wp\/v2\/posts"}],"about":[{"href":"https:\/\/tvbrazilusa.com\/pt\/wp-json\/wp\/v2\/types\/post"}],"author":[{"embeddable":true,"href":"https:\/\/tvbrazilusa.com\/pt\/wp-json\/wp\/v2\/users\/1"}],"replies":[{"embeddable":true,"href":"https:\/\/tvbrazilusa.com\/pt\/wp-json\/wp\/v2\/comments?post=9698"}],"version-history":[{"count":1,"href":"https:\/\/tvbrazilusa.com\/pt\/wp-json\/wp\/v2\/posts\/9698\/revisions"}],"predecessor-version":[{"id":9700,"href":"https:\/\/tvbrazilusa.com\/pt\/wp-json\/wp\/v2\/posts\/9698\/revisions\/9700"}],"wp:featuredmedia":[{"embeddable":true,"href":"https:\/\/tvbrazilusa.com\/pt\/wp-json\/wp\/v2\/media\/9699"}],"wp:attachment":[{"href":"https:\/\/tvbrazilusa.com\/pt\/wp-json\/wp\/v2\/media?parent=9698"}],"wp:term":[{"taxonomy":"category","embeddable":true,"href":"https:\/\/tvbrazilusa.com\/pt\/wp-json\/wp\/v2\/categories?post=9698"},{"taxonomy":"post_tag","embeddable":true,"href":"https:\/\/tvbrazilusa.com\/pt\/wp-json\/wp\/v2\/tags?post=9698"}],"curies":[{"name":"wp","href":"https:\/\/api.w.org\/{rel}","templated":true}]}}