{"id":97050,"date":"2025-01-29T16:12:32","date_gmt":"2025-01-29T16:12:32","guid":{"rendered":"https:\/\/tvbrazilusa.com\/2025\/01\/29\/revolta-cacique-joga-tudo-no-ventilador-veja-video\/"},"modified":"2025-01-29T16:12:34","modified_gmt":"2025-01-29T16:12:34","slug":"revolta-cacique-joga-tudo-no-ventilador-veja-video","status":"publish","type":"post","link":"https:\/\/tvbrazilusa.com\/pt\/2025\/01\/29\/revolta-cacique-joga-tudo-no-ventilador-veja-video\/","title":{"rendered":"REVOLTA: Cacique joga tudo no ventilador; VEJA V\u00cdDEO"},"content":{"rendered":"<p> <script async src=\"https:\/\/pagead2.googlesyndication.com\/pagead\/js\/adsbygoogle.js?client=ca-pub-8864793242727901\"\r\n     crossorigin=\"anonymous\"><\/script><br \/>\n<br \/>A ocupa\u00e7\u00e3o ind\u00edgena na Secretaria de Educa\u00e7\u00e3o do Par\u00e1 j\u00e1 dura duas semanas, e at\u00e9 agora n\u00e3o houve qualquer avan\u00e7o nas negocia\u00e7\u00f5es.<br \/>\n<br \/><br \/>\n<br \/><a href=\"https:\/\/diariodobrasilnoticias.com.br\/noticia\/revolta-cacique-joga-tudo-no-ventilador-veja-video-679a2d78c318a\">Source link <\/a><\/p>","protected":false},"excerpt":{"rendered":"<p>A ocupa\u00e7\u00e3o ind\u00edgena na Secretaria de Educa\u00e7\u00e3o do Par\u00e1 j\u00e1 dura duas semanas, e at\u00e9 agora n\u00e3o houve qualquer avan\u00e7o nas negocia\u00e7\u00f5es. Source link<\/p>","protected":false},"author":1,"featured_media":97051,"comment_status":"closed","ping_status":"open","sticky":false,"template":"","format":"standard","meta":{"content-type":"","footnotes":""},"categories":[16],"tags":[123,2448,5313,1267],"class_list":["post-97050","post","type-post","status-publish","format-standard","has-post-thumbnail","hentry","category-noticias","tag-brasil","tag-diario","tag-noticia","tag-noticias"],"_links":{"self":[{"href":"https:\/\/tvbrazilusa.com\/pt\/wp-json\/wp\/v2\/posts\/97050","targetHints":{"allow":["GET"]}}],"collection":[{"href":"https:\/\/tvbrazilusa.com\/pt\/wp-json\/wp\/v2\/posts"}],"about":[{"href":"https:\/\/tvbrazilusa.com\/pt\/wp-json\/wp\/v2\/types\/post"}],"author":[{"embeddable":true,"href":"https:\/\/tvbrazilusa.com\/pt\/wp-json\/wp\/v2\/users\/1"}],"replies":[{"embeddable":true,"href":"https:\/\/tvbrazilusa.com\/pt\/wp-json\/wp\/v2\/comments?post=97050"}],"version-history":[{"count":1,"href":"https:\/\/tvbrazilusa.com\/pt\/wp-json\/wp\/v2\/posts\/97050\/revisions"}],"predecessor-version":[{"id":97052,"href":"https:\/\/tvbrazilusa.com\/pt\/wp-json\/wp\/v2\/posts\/97050\/revisions\/97052"}],"wp:featuredmedia":[{"embeddable":true,"href":"https:\/\/tvbrazilusa.com\/pt\/wp-json\/wp\/v2\/media\/97051"}],"wp:attachment":[{"href":"https:\/\/tvbrazilusa.com\/pt\/wp-json\/wp\/v2\/media?parent=97050"}],"wp:term":[{"taxonomy":"category","embeddable":true,"href":"https:\/\/tvbrazilusa.com\/pt\/wp-json\/wp\/v2\/categories?post=97050"},{"taxonomy":"post_tag","embeddable":true,"href":"https:\/\/tvbrazilusa.com\/pt\/wp-json\/wp\/v2\/tags?post=97050"}],"curies":[{"name":"wp","href":"https:\/\/api.w.org\/{rel}","templated":true}]}}