{"id":97056,"date":"2025-01-29T16:40:00","date_gmt":"2025-01-29T16:40:00","guid":{"rendered":"https:\/\/tvbrazilusa.com\/2025\/01\/29\/turista-alema-e-resgatada-de-afogamento-na-praia-do-forte\/"},"modified":"2025-01-29T16:40:04","modified_gmt":"2025-01-29T16:40:04","slug":"turista-alema-e-resgatada-de-afogamento-na-praia-do-forte","status":"publish","type":"post","link":"https:\/\/tvbrazilusa.com\/pt\/2025\/01\/29\/turista-alema-e-resgatada-de-afogamento-na-praia-do-forte\/","title":{"rendered":"Turista alem\u00e3 \u00e9 resgatada de afogamento na Praia do Forte"},"content":{"rendered":"<p> <script async src=\"https:\/\/pagead2.googlesyndication.com\/pagead\/js\/adsbygoogle.js?client=ca-pub-8864793242727901\"\r\n     crossorigin=\"anonymous\"><\/script><br \/>\n<\/p>\n<div>\n<figure class=\"post-image\">\n<\/figure>\n<p>            <span style=\"font-size: 12px\"> Foto: CBMRN\/Divulga\u00e7\u00e3o<\/span><\/p>\n<p>            <!-- end metas --><br \/>\n            <!-- ADS --><\/p>\n<div id=\"taboola-read-more\" style=\"display:block; width:100%\">\n<p>Uma alem\u00e3 de 62 anos foi resgatada de um afogamento na manh\u00e3 desta ter\u00e7a-feira (28) na Praia do Forte, na Zona Leste de Natal.\n<\/p>\n<p>Segundo o Corpo de Bombeiros, a mulher ficou presa em uma forte correnteza enquanto tomava banho de mar nas proximidades do Forte dos Reis Magos e n\u00e3o conseguiu retornar \u00e0 margem.<\/p>\n<p>Um professor de nata\u00e7\u00e3o que estava na regi\u00e3o percebeu que a mulher estava em perigo e entrou no mar para ajud\u00e1-la. Testemunhas tamb\u00e9m acionaram guarda-vidas que usaram embarca\u00e7\u00f5es, motos aqu\u00e1ticas e outros equipamentos de salvamento no resgate.\n<\/p>\n<p>A turista foi socorrida e levada ao Hospital Walfredo Gurgel, onde passou por atendimento. Ela passa bem.\n<\/p>\n<p>Segundo familiares, a turista alem\u00e3 \u00e9 casada com um potiguar que mora na Alemanha e veio passar o ver\u00e3o no Rio Grande do Norte. O marido dela tamb\u00e9m estava na praia no momento do incidente, mas n\u00e3o tinha entrado no mar com ela.\n<\/p>\n<p>&#8220;O Corpo de Bombeiros refor\u00e7a a import\u00e2ncia de redobrar os cuidados ao entrar no mar, especialmente em \u00e1reas pr\u00f3ximas a pedras ou com forte correnteza. Antes de entrar na \u00e1gua, procure observar a sinaliza\u00e7\u00e3o de perigo e busque orienta\u00e7\u00e3o com guarda-vidas na regi\u00e3o. A seguran\u00e7a come\u00e7a com a preven\u00e7\u00e3o&#8221;, orientou a corpora\u00e7\u00e3o.\n<\/p>\n<p>Fonte: g1              <\/p>\n<\/div>\n<p>                        <!-- Scripts para conteudo --><\/p>\n<p>            <!-- .\/Scripts para conteudo --><br \/>\n            <!-- .\/Mat\u00e9ria --><\/p>\n<div class=\"row mt-3\">\n<div class=\"col-sm-6\">\n                <!-- Whatsapp channel 3--><br \/>\n                <a href=\"https:\/\/chat.whatsapp.com\/B8Qy6Erx4kb6yTzj3kaDco\" target=\"_blank\"><br \/>\n                  <img decoding=\"async\" src=\"https:\/\/diariodobrasilnoticias.com.br\/assets-site\/images\/bot_whatsapp.png\"\/><\/a>\n              <\/div>\n<div class=\"col-sm-6\">\n                <a href=\"https:\/\/t.me\/+_4gTmi5LKo03OTM5\" target=\"_blank\"><br \/>\n                  <img decoding=\"async\" src=\"https:\/\/diariodobrasilnoticias.com.br\/assets-site\/images\/bot_telegram.png\"\/><\/a>\n              <\/div>\n<\/p><\/div>\n<p>            <!-- end post-navigation --><\/p>\n<p>              <!-- end row --><\/p>\n<p>              <!-- end col-12-->\n                      <\/div>\n<p><br \/>\n<br \/><a href=\"https:\/\/diariodobrasilnoticias.com.br\/noticia\/turista-alema-e-resgatada-de-afogamento-na-praia-do-forte-679a2e03a224e\">Source link <\/a><\/p>","protected":false},"excerpt":{"rendered":"<p>Foto: CBMRN\/Divulga\u00e7\u00e3o Uma alem\u00e3 de 62 anos foi resgatada de um afogamento na manh\u00e3 desta ter\u00e7a-feira (28) na Praia do Forte, na Zona Leste de Natal. Segundo o Corpo de&hellip;<\/p>","protected":false},"author":1,"featured_media":97057,"comment_status":"closed","ping_status":"open","sticky":false,"template":"","format":"standard","meta":{"content-type":"","footnotes":""},"categories":[16],"tags":[123,2448,5313,1267],"class_list":["post-97056","post","type-post","status-publish","format-standard","has-post-thumbnail","hentry","category-noticias","tag-brasil","tag-diario","tag-noticia","tag-noticias"],"_links":{"self":[{"href":"https:\/\/tvbrazilusa.com\/pt\/wp-json\/wp\/v2\/posts\/97056","targetHints":{"allow":["GET"]}}],"collection":[{"href":"https:\/\/tvbrazilusa.com\/pt\/wp-json\/wp\/v2\/posts"}],"about":[{"href":"https:\/\/tvbrazilusa.com\/pt\/wp-json\/wp\/v2\/types\/post"}],"author":[{"embeddable":true,"href":"https:\/\/tvbrazilusa.com\/pt\/wp-json\/wp\/v2\/users\/1"}],"replies":[{"embeddable":true,"href":"https:\/\/tvbrazilusa.com\/pt\/wp-json\/wp\/v2\/comments?post=97056"}],"version-history":[{"count":1,"href":"https:\/\/tvbrazilusa.com\/pt\/wp-json\/wp\/v2\/posts\/97056\/revisions"}],"predecessor-version":[{"id":97058,"href":"https:\/\/tvbrazilusa.com\/pt\/wp-json\/wp\/v2\/posts\/97056\/revisions\/97058"}],"wp:featuredmedia":[{"embeddable":true,"href":"https:\/\/tvbrazilusa.com\/pt\/wp-json\/wp\/v2\/media\/97057"}],"wp:attachment":[{"href":"https:\/\/tvbrazilusa.com\/pt\/wp-json\/wp\/v2\/media?parent=97056"}],"wp:term":[{"taxonomy":"category","embeddable":true,"href":"https:\/\/tvbrazilusa.com\/pt\/wp-json\/wp\/v2\/categories?post=97056"},{"taxonomy":"post_tag","embeddable":true,"href":"https:\/\/tvbrazilusa.com\/pt\/wp-json\/wp\/v2\/tags?post=97056"}],"curies":[{"name":"wp","href":"https:\/\/api.w.org\/{rel}","templated":true}]}}