{"id":97059,"date":"2025-01-29T16:33:09","date_gmt":"2025-01-29T16:33:09","guid":{"rendered":"https:\/\/tvbrazilusa.com\/2025\/01\/29\/picks-de-artes-31-de-janeiro-a-2-de-fevereiro-jacksonville-hoje\/"},"modified":"2025-01-29T16:43:44","modified_gmt":"2025-01-29T16:43:44","slug":"picks-de-artes-31-de-janeiro-a-2-de-fevereiro-jacksonville-hoje","status":"publish","type":"post","link":"https:\/\/tvbrazilusa.com\/pt\/2025\/01\/29\/picks-de-artes-31-de-janeiro-a-2-de-fevereiro-jacksonville-hoje\/","title":{"rendered":"Picks de artes | 31 de janeiro a 2 de fevereiro | Jacksonville hoje"},"content":{"rendered":"<p> <script async src=\"https:\/\/pagead2.googlesyndication.com\/pagead\/js\/adsbygoogle.js?client=ca-pub-8864793242727901\"\r\n     crossorigin=\"anonymous\"><\/script><br \/>\n<\/p>\n<div>\n<figure class=\"wp-block-image size-full\"><\/figure>\n<div class=\"wp-block-group\">\n<div class=\"wp-block-group__inner-container is-layout-constrained wp-block-group-is-layout-constrained\">\n<p><strong><strong>S\u00e1bado <\/strong><\/strong><\/p>\n<p><strong>Mercado de Melanina + RAM<\/strong><\/p>\n<p><strong>Ram | Riverside <\/strong><\/p>\n<p>Normalmente hospedado em um trecho de quatro quarteir\u00f5es de A. Philip Randolph, o popular mercado de melanina chega ao mercado de artes ribeirinhas para iniciar o M\u00eas da Hist\u00f3ria Negra com fornecedores, artes\u00e3os e performances ao vivo. O Mashup de Mercado de Melanina\/Ram \u00e9 realizado das 10h \u00e0s 15h, \u00e9 gratuito para participar. <a href=\"https:\/\/www.eventbrite.com\/e\/melanin-market-ram-black-history-collaboration-celebration-tickets-1134765095949\" target=\"_blank\" rel=\"noreferrer noopener nofollow\">Mais informa\u00e7\u00f5es<\/a>.<\/p>\n<\/div>\n<\/div>\n<hr class=\"wp-block-separator has-alpha-channel-opacity\"\/>\n<div class=\"wp-block-image\">\n<figure class=\"aligncenter size-large\"><img loading=\"lazy\" color=\"4c7183\" transparency=\"false\" style=\"--dominant-color: #4c7183;\" decoding=\"async\" width=\"1024\" height=\"1024\" src=\"https:\/\/jaxtoday.org\/wp-content\/uploads\/2025\/01\/In-Theory-it-is-possible-but-in-practice-it-is-very-difficult.-20-x-20-Canvas-2024-1-1024x1024.jpg\" alt=\"\" class=\"not-transparent wp-image-86661\" srcset=\"https:\/\/jaxtoday.org\/wp-content\/uploads\/2025\/01\/In-Theory-it-is-possible-but-in-practice-it-is-very-difficult.-20-x-20-Canvas-2024-1-1024x1024.jpg 1024w, https:\/\/jaxtoday.org\/wp-content\/uploads\/2025\/01\/In-Theory-it-is-possible-but-in-practice-it-is-very-difficult.-20-x-20-Canvas-2024-1-300x300.jpg 300w, https:\/\/jaxtoday.org\/wp-content\/uploads\/2025\/01\/In-Theory-it-is-possible-but-in-practice-it-is-very-difficult.-20-x-20-Canvas-2024-1-150x150.jpg 150w, https:\/\/jaxtoday.org\/wp-content\/uploads\/2025\/01\/In-Theory-it-is-possible-but-in-practice-it-is-very-difficult.-20-x-20-Canvas-2024-1-768x768.jpg 768w, https:\/\/jaxtoday.org\/wp-content\/uploads\/2025\/01\/In-Theory-it-is-possible-but-in-practice-it-is-very-difficult.-20-x-20-Canvas-2024-1-1536x1536.jpg 1536w, https:\/\/jaxtoday.org\/wp-content\/uploads\/2025\/01\/In-Theory-it-is-possible-but-in-practice-it-is-very-difficult.-20-x-20-Canvas-2024-1-2048x2048.jpg 2048w, https:\/\/jaxtoday.org\/wp-content\/uploads\/2025\/01\/In-Theory-it-is-possible-but-in-practice-it-is-very-difficult.-20-x-20-Canvas-2024-1-240x240.jpg 240w, https:\/\/jaxtoday.org\/wp-content\/uploads\/2025\/01\/In-Theory-it-is-possible-but-in-practice-it-is-very-difficult.-20-x-20-Canvas-2024-1-100x100.jpg 100w, https:\/\/jaxtoday.org\/wp-content\/uploads\/2025\/01\/In-Theory-it-is-possible-but-in-practice-it-is-very-difficult.-20-x-20-Canvas-2024-1-1650x1650.jpg 1650w\" sizes=\"auto, (max-width: 1024px) 100vw, 1024px\"\/><\/figure>\n<\/div>\n<div class=\"wp-block-group\">\n<div class=\"wp-block-group__inner-container is-layout-constrained wp-block-group-is-layout-constrained\">\n<p><strong>S\u00e1bado<\/strong><\/p>\n<p><strong>Elena \u00d8hlander: <\/strong><strong><em>Objetos de inoc\u00eancia<\/em><\/strong><strong> <\/strong><\/p>\n<p><strong>Esta\u00e7\u00e3o Emeralda | Distrito de Artes e Inova\u00e7\u00e3o de Phoenix<\/strong><\/p>\n<p>A recep\u00e7\u00e3o de fechamento de <em>Objetos de inoc\u00eancia<\/em> -Uma exposi\u00e7\u00e3o de novas obras da artista visual multidisciplinar Elena \u00d8hlander, que originalmente abriu no The Lark-\u00e9 realizada na Esta\u00e7\u00e3o Esmeralda, no distrito de Artes e Inova\u00e7\u00e3o de Phoenix, no s\u00e1bado. Em<em> Objetos de inoc\u00eancia<\/em>\u00d8hlander, com sede em Jacksonville, usa ilustra\u00e7\u00f5es de m\u00eddia mista para explorar como objetos, curiosidade e brincadeira de inf\u00e2ncia moldam nossas identidades. A recep\u00e7\u00e3o de encerramento \u00e9 das 17h \u00e0s 20h no s\u00e1bado. \u00c9 gr\u00e1tis para participar. <a href=\"https:\/\/www.instagram.com\/p\/DFLGsbEOnjW\/\" target=\"_blank\" rel=\"noreferrer noopener nofollow\">Mais informa\u00e7\u00f5es<\/a>. <\/p>\n<\/div>\n<\/div>\n<hr class=\"wp-block-separator has-alpha-channel-opacity\"\/>\n<div class=\"wp-block-image\">\n<figure class=\"aligncenter size-large\"><img loading=\"lazy\" color=\"1d1418\" transparency=\"false\" style=\"--dominant-color: #1d1418;\" decoding=\"async\" width=\"1024\" height=\"576\" src=\"https:\/\/jaxtoday.org\/wp-content\/uploads\/2025\/01\/JDT-Revive-web-1024x576.jpg\" alt=\"\" class=\"not-transparent wp-image-86663\" srcset=\"https:\/\/jaxtoday.org\/wp-content\/uploads\/2025\/01\/JDT-Revive-web-1024x576.jpg 1024w, https:\/\/jaxtoday.org\/wp-content\/uploads\/2025\/01\/JDT-Revive-web-300x169.jpg 300w, https:\/\/jaxtoday.org\/wp-content\/uploads\/2025\/01\/JDT-Revive-web-768x432.jpg 768w, https:\/\/jaxtoday.org\/wp-content\/uploads\/2025\/01\/JDT-Revive-web-1536x864.jpg 1536w, https:\/\/jaxtoday.org\/wp-content\/uploads\/2025\/01\/JDT-Revive-web-800x450.jpg 800w, https:\/\/jaxtoday.org\/wp-content\/uploads\/2025\/01\/JDT-Revive-web-1200x675.jpg 1200w, https:\/\/jaxtoday.org\/wp-content\/uploads\/2025\/01\/JDT-Revive-web-427x240.jpg 427w, https:\/\/jaxtoday.org\/wp-content\/uploads\/2025\/01\/JDT-Revive-web-100x56.jpg 100w, https:\/\/jaxtoday.org\/wp-content\/uploads\/2025\/01\/JDT-Revive-web-1650x928.jpg 1650w, https:\/\/jaxtoday.org\/wp-content\/uploads\/2025\/01\/JDT-Revive-web.jpg 1920w\" sizes=\"auto, (max-width: 1024px) 100vw, 1024px\"\/><\/figure>\n<\/div>\n<p><strong>S\u00e1bado e domingo <\/strong><\/p>\n<p><strong>Teatro de dan\u00e7a de Jacksonville: <\/strong><strong><em>Renderizar <\/em><\/strong><\/p>\n<p><strong>Bal\u00e9 da Fl\u00f3rida | Atlantic Boulevard<\/strong><\/p>\n<p>A empresa de dan\u00e7a contempor\u00e2nea local Jacksonville Dance Theatre apresenta <em>Renderizar<\/em>um programa de tr\u00eas novas obras de dan\u00e7a n\u00e3o tradicionais de Ebon\u00e9 Amos, Theresa Jimmerson e Jim Morrow. Existem duas apresenta\u00e7\u00f5es no s\u00e1bado (18h e 20h) e duas no domingo (13h e 15h). <a href=\"https:\/\/jacksonvilledancetheatre.org\/events\/category\/performances\/\" target=\"_blank\" rel=\"noreferrer noopener nofollow\">Ingressos e mais informa\u00e7\u00f5es<\/a>.<\/p>\n<\/div>\n<p><script async src=\"\/\/www.instagram.com\/embed.js\"><\/script><br \/>\n<br \/><br \/>\n<br \/><a href=\"https:\/\/jaxtoday.org\/2025\/01\/29\/arts-picks-jan-31-feb-2\/\">Source link <\/a><\/p>","protected":false},"excerpt":{"rendered":"<p>S\u00e1bado Mercado de Melanina + RAM Ram | Riverside Normalmente hospedado em um trecho de quatro quarteir\u00f5es de A. Philip Randolph, o popular mercado de melanina chega ao mercado de&hellip;<\/p>","protected":false},"author":1,"featured_media":97060,"comment_status":"closed","ping_status":"open","sticky":false,"template":"","format":"standard","meta":{"content-type":"","footnotes":""},"categories":[1],"tags":[],"class_list":["post-97059","post","type-post","status-publish","format-standard","has-post-thumbnail","hentry","category-uncategorized"],"_links":{"self":[{"href":"https:\/\/tvbrazilusa.com\/pt\/wp-json\/wp\/v2\/posts\/97059","targetHints":{"allow":["GET"]}}],"collection":[{"href":"https:\/\/tvbrazilusa.com\/pt\/wp-json\/wp\/v2\/posts"}],"about":[{"href":"https:\/\/tvbrazilusa.com\/pt\/wp-json\/wp\/v2\/types\/post"}],"author":[{"embeddable":true,"href":"https:\/\/tvbrazilusa.com\/pt\/wp-json\/wp\/v2\/users\/1"}],"replies":[{"embeddable":true,"href":"https:\/\/tvbrazilusa.com\/pt\/wp-json\/wp\/v2\/comments?post=97059"}],"version-history":[{"count":1,"href":"https:\/\/tvbrazilusa.com\/pt\/wp-json\/wp\/v2\/posts\/97059\/revisions"}],"predecessor-version":[{"id":97061,"href":"https:\/\/tvbrazilusa.com\/pt\/wp-json\/wp\/v2\/posts\/97059\/revisions\/97061"}],"wp:featuredmedia":[{"embeddable":true,"href":"https:\/\/tvbrazilusa.com\/pt\/wp-json\/wp\/v2\/media\/97060"}],"wp:attachment":[{"href":"https:\/\/tvbrazilusa.com\/pt\/wp-json\/wp\/v2\/media?parent=97059"}],"wp:term":[{"taxonomy":"category","embeddable":true,"href":"https:\/\/tvbrazilusa.com\/pt\/wp-json\/wp\/v2\/categories?post=97059"},{"taxonomy":"post_tag","embeddable":true,"href":"https:\/\/tvbrazilusa.com\/pt\/wp-json\/wp\/v2\/tags?post=97059"}],"curies":[{"name":"wp","href":"https:\/\/api.w.org\/{rel}","templated":true}]}}