{"id":97062,"date":"2025-01-29T16:53:14","date_gmt":"2025-01-29T16:53:14","guid":{"rendered":"https:\/\/tvbrazilusa.com\/2025\/01\/29\/governo-avalia-taxar-o-agro-para-baixar-preco-da-comida-veja-video\/"},"modified":"2025-01-29T16:53:15","modified_gmt":"2025-01-29T16:53:15","slug":"governo-avalia-taxar-o-agro-para-baixar-preco-da-comida-veja-video","status":"publish","type":"post","link":"https:\/\/tvbrazilusa.com\/pt\/2025\/01\/29\/governo-avalia-taxar-o-agro-para-baixar-preco-da-comida-veja-video\/","title":{"rendered":"Governo avalia taxar o agro para baixar pre\u00e7o da comida; VEJA V\u00cdDEO"},"content":{"rendered":"<p> <script async src=\"https:\/\/pagead2.googlesyndication.com\/pagead\/js\/adsbygoogle.js?client=ca-pub-8864793242727901\"\r\n     crossorigin=\"anonymous\"><\/script><br \/>\n<\/p>\n<div id=\"taboola-read-more\" style=\"display:block; width:100%\">\n<p>O governo est\u00e1 considerando a possibilidade de implementar uma taxa\u00e7\u00e3o sobre o setor agropecu\u00e1rio como medida para reduzir o pre\u00e7o dos alimentos no Brasil. A proposta gerou discuss\u00f5es acaloradas, uma vez que o agroneg\u00f3cio representa uma parte significativa da economia do pa\u00eds, mas enfrenta press\u00f5es para contribuir com a redu\u00e7\u00e3o da infla\u00e7\u00e3o e os custos alimentares. A ideia seria aplicar uma nova tributa\u00e7\u00e3o sobre os produtos agr\u00edcolas ou suas exporta\u00e7\u00f5es, com o objetivo de financiar pol\u00edticas que visem o controle de pre\u00e7os no mercado interno. No entanto, a iniciativa tem sido amplamente debatida.\n<\/p>\n<p>VEJA V\u00cdDEO:<\/p>\n<p>Fonte: Jovem Pan              <\/p>\n<\/div>\n<p><br \/>\n<br \/><a href=\"https:\/\/diariodobrasilnoticias.com.br\/noticia\/governo-avalia-taxar-o-agro-para-baixar-preco-da-comida-veja-video-679a353dabddd\">Source link <\/a><\/p>","protected":false},"excerpt":{"rendered":"<p>O governo est\u00e1 considerando a possibilidade de implementar uma taxa\u00e7\u00e3o sobre o setor agropecu\u00e1rio como medida para reduzir o pre\u00e7o dos alimentos no Brasil. A proposta gerou discuss\u00f5es acaloradas, uma&hellip;<\/p>","protected":false},"author":1,"featured_media":97063,"comment_status":"closed","ping_status":"open","sticky":false,"template":"","format":"standard","meta":{"content-type":"","footnotes":""},"categories":[16],"tags":[123,2448,5313,1267],"class_list":["post-97062","post","type-post","status-publish","format-standard","has-post-thumbnail","hentry","category-noticias","tag-brasil","tag-diario","tag-noticia","tag-noticias"],"_links":{"self":[{"href":"https:\/\/tvbrazilusa.com\/pt\/wp-json\/wp\/v2\/posts\/97062","targetHints":{"allow":["GET"]}}],"collection":[{"href":"https:\/\/tvbrazilusa.com\/pt\/wp-json\/wp\/v2\/posts"}],"about":[{"href":"https:\/\/tvbrazilusa.com\/pt\/wp-json\/wp\/v2\/types\/post"}],"author":[{"embeddable":true,"href":"https:\/\/tvbrazilusa.com\/pt\/wp-json\/wp\/v2\/users\/1"}],"replies":[{"embeddable":true,"href":"https:\/\/tvbrazilusa.com\/pt\/wp-json\/wp\/v2\/comments?post=97062"}],"version-history":[{"count":1,"href":"https:\/\/tvbrazilusa.com\/pt\/wp-json\/wp\/v2\/posts\/97062\/revisions"}],"predecessor-version":[{"id":97064,"href":"https:\/\/tvbrazilusa.com\/pt\/wp-json\/wp\/v2\/posts\/97062\/revisions\/97064"}],"wp:featuredmedia":[{"embeddable":true,"href":"https:\/\/tvbrazilusa.com\/pt\/wp-json\/wp\/v2\/media\/97063"}],"wp:attachment":[{"href":"https:\/\/tvbrazilusa.com\/pt\/wp-json\/wp\/v2\/media?parent=97062"}],"wp:term":[{"taxonomy":"category","embeddable":true,"href":"https:\/\/tvbrazilusa.com\/pt\/wp-json\/wp\/v2\/categories?post=97062"},{"taxonomy":"post_tag","embeddable":true,"href":"https:\/\/tvbrazilusa.com\/pt\/wp-json\/wp\/v2\/tags?post=97062"}],"curies":[{"name":"wp","href":"https:\/\/api.w.org\/{rel}","templated":true}]}}