{"id":97065,"date":"2025-01-29T17:06:05","date_gmt":"2025-01-29T17:06:05","guid":{"rendered":"https:\/\/tvbrazilusa.com\/2025\/01\/29\/senado-recebe-sete-novos-pedidos-de-impeachment-contra-moraes-e-toffoli\/"},"modified":"2025-01-29T17:06:07","modified_gmt":"2025-01-29T17:06:07","slug":"senado-recebe-sete-novos-pedidos-de-impeachment-contra-moraes-e-toffoli","status":"publish","type":"post","link":"https:\/\/tvbrazilusa.com\/pt\/2025\/01\/29\/senado-recebe-sete-novos-pedidos-de-impeachment-contra-moraes-e-toffoli\/","title":{"rendered":"Senado recebe sete novos pedidos de impeachment contra Moraes e Toffoli"},"content":{"rendered":"<p> <script async src=\"https:\/\/pagead2.googlesyndication.com\/pagead\/js\/adsbygoogle.js?client=ca-pub-8864793242727901\"\r\n     crossorigin=\"anonymous\"><\/script><br \/>\n<\/p>\n<div>\n<figure class=\"post-image\">\n<\/figure>\n<p>            <span style=\"font-size: 12px\">Igo Estrela\/Metr\u00f3poles @igoestrela<\/span><\/p>\n<p>            <!-- end metas --><br \/>\n            <!-- ADS --><\/p>\n<div id=\"taboola-read-more\" style=\"display:block; width:100%\">\n<p>\u00c0s v\u00e9speras de trocar seu presidente, o Senado registrou, em janeiro, sete novos pedidos de impeachment contra dois ministros do STF: Alexandre de Moraes e Dias Toffoli.\n<\/p>\n<p>Os pedidos, protocolados ao longo de 2024, s\u00f3 agora foram inseridos no sistema da Casa Legislativa. Ao todo, s\u00e3o seis pedidos de impeachment contra Moraes e um contra Toffoli.<\/p>\n<p>Um dos pedidos foi protocolado em agosto de 2024 pelo deputado Bibo Nunes (PL-RS). Na pe\u00e7a, o parlamentar argumenta que Moraes agiu de forma irregular no caso em que alegou ter sido agredido em aeroporto de Roma.\n<\/p>\n<p>Os outros pedidos foram todos protocolados por cidad\u00e3os sem mandato. Os referentes a Moraes se concentram em pol\u00eamicas envolvendo o ministro, como a multa imposta ao PL por questionar as elei\u00e7\u00f5es de 2022.\n<\/p>\n<p>J\u00e1 o pedido contra Toffoli foi apresentado em novembro, protocolado por uma diretora comercial. A mulher alega que o ministro obstruiu de forma irregular, no STF, a vota\u00e7\u00e3o de um agravo sobre intima\u00e7\u00e3o de cidad\u00e3os.\n<\/p>\n<p><strong>Confira os pedidos de impeachment:<\/strong>\n<\/p>\n<p>\u00a0<\/p>\n<ul>\n<li><a href=\"https:\/\/www25.senado.leg.br\/web\/atividade\/materias\/-\/materia\/166988\" target=\"_blank\" rel=\"noopener noreferrer\">Peti\u00e7\u00e3o 1\/2025<\/a><br \/>Autor: Cidad\u00e3o Fiorelo Ruviaro<br \/>Alvo: Alexandre de Moraes<br \/>Resumo: Alega que o ministro, ent\u00e3o presidente do TSE, deu posse ao presidente Lula ap\u00f3s as elei\u00e7\u00f5es de 2022 enquanto grande parte da popula\u00e7\u00e3o questionava o resultado eleitoral.<\/li>\n<\/ul>\n<ul>\n<li><a href=\"https:\/\/www25.senado.leg.br\/web\/atividade\/materias\/-\/materia\/166989\" target=\"_blank\" rel=\"noopener noreferrer\">Peti\u00e7\u00e3o 2\/2025<\/a><br \/>Autor: Cidad\u00e3o Elena Yatiyo Tanaka<br \/>Alvo: Alexandre de Moraes<br \/>Resumo: Questiona a legalidade da multa aplicada por Moraes ao PL, ap\u00f3s o partido colocar em d\u00favida o resultado das urnas.<\/li>\n<\/ul>\n<ul>\n<li><a href=\"https:\/\/www25.senado.leg.br\/web\/atividade\/materias\/-\/materia\/166990\" target=\"_blank\" rel=\"noopener noreferrer\">Peti\u00e7\u00e3o 3\/2025<\/a><br \/>Autor: Cidad\u00e3o Aurino Barbosa da Silva<br \/>Alvo: Alexandre de Moraes<br \/>Resumo: Texto igual \u00e0 Peti\u00e7\u00e3o 2\/2025, cujo teor questiona a multa aplicada ao PL de R$ 22 milh\u00f5es.<\/li>\n<\/ul>\n<ul>\n<li><a href=\"https:\/\/www25.senado.leg.br\/web\/atividade\/materias\/-\/materia\/166991\" target=\"_blank\" rel=\"noopener noreferrer\">Peti\u00e7\u00e3o 4\/2025<\/a><br \/>Autor: Deputado Federal Bibo Nunes (PL\/RS)<br \/>Alvo: Alexandre de Moraes<br \/>Resumo: Aponta suposta irregularidade no processo instaurado ap\u00f3s Moraes alegar ter sido agredido por uma fam\u00edlia de brasileiros em aeroporto de Roma, em 2023.<\/li>\n<\/ul>\n<ul>\n<li><a href=\"https:\/\/www25.senado.leg.br\/web\/atividade\/materias\/-\/materia\/166993\" target=\"_blank\" rel=\"noopener noreferrer\">Peti\u00e7\u00e3o 5\/2025<\/a><br \/>Autor: Cidad\u00e3o Jovi Vieira Barboza<br \/>Alvo: Alexandre de Moraes<br \/>Resumo: Texto igual \u00e0s peti\u00e7\u00f5es 2 e 3\/2025, questionando a multa aplicada ao PL por colocar em d\u00favida o resultado eleitoral em 2022.<\/li>\n<\/ul>\n<ul>\n<li><a href=\"https:\/\/www25.senado.leg.br\/web\/atividade\/materias\/-\/materia\/166994\" target=\"_blank\" rel=\"noopener noreferrer\">Peti\u00e7\u00e3o 6\/2025<\/a><br \/>Autor: Cidad\u00e3o S\u00e9rgio Augusto Pereira de Borja<br \/>Alvo: Alexandre de Moraes<br \/>Resumo: Elenca uma s\u00e9rie de pedidos de impeachment j\u00e1 protocolados contra o ministro e alega crimes contra a liberdade de express\u00e3o apontados por relat\u00f3rio de comiss\u00e3o do Congresso dos EUA.<\/li>\n<\/ul>\n<ul>\n<li><a href=\"https:\/\/www25.senado.leg.br\/web\/atividade\/materias\/-\/materia\/166995\" target=\"_blank\" rel=\"noopener noreferrer\">Peti\u00e7\u00e3o 7\/2025<\/a><br \/>Autor: Cidad\u00e3o Andr\u00e9a Silva Santana Rocha<br \/>Alvo: Dias Toffoli<br \/>Resumo: Aponta que o ministro do STF estaria, como relator, obstruindo a vota\u00e7\u00e3o em plen\u00e1rio de Agravo Interno em Mandado de Injun\u00e7\u00e3o sobre a cria\u00e7\u00e3o de norma a ser utilizada no \u00e2mbito das autarquias federais.<\/li>\n<\/ul>\n<p>Fonte: Metr\u00f3poles              <\/p>\n<\/div>\n<p>                        <!-- Scripts para conteudo --><\/p>\n<p>            <!-- .\/Scripts para conteudo --><br \/>\n            <!-- .\/Mat\u00e9ria --><\/p>\n<div class=\"row mt-3\">\n<div class=\"col-sm-6\">\n                <!-- Whatsapp channel 3--><br \/>\n                <a href=\"https:\/\/chat.whatsapp.com\/B8Qy6Erx4kb6yTzj3kaDco\" target=\"_blank\"><br \/>\n                  <img decoding=\"async\" src=\"https:\/\/diariodobrasilnoticias.com.br\/assets-site\/images\/bot_whatsapp.png\"\/><\/a>\n              <\/div>\n<div class=\"col-sm-6\">\n                <a href=\"https:\/\/t.me\/+_4gTmi5LKo03OTM5\" target=\"_blank\"><br \/>\n                  <img decoding=\"async\" src=\"https:\/\/diariodobrasilnoticias.com.br\/assets-site\/images\/bot_telegram.png\"\/><\/a>\n              <\/div>\n<\/p><\/div>\n<p>            <!-- end post-navigation --><\/p>\n<p>              <!-- end row --><\/p>\n<p>              <!-- end col-12-->\n                      <\/div>\n<p><br \/>\n<br \/><a href=\"https:\/\/diariodobrasilnoticias.com.br\/noticia\/senado-recebe-sete-novos-pedidos-de-impeachment-contra-moraes-e-toffoli-679a325436352\">Source link <\/a><\/p>","protected":false},"excerpt":{"rendered":"<p>Igo Estrela\/Metr\u00f3poles @igoestrela \u00c0s v\u00e9speras de trocar seu presidente, o Senado registrou, em janeiro, sete novos pedidos de impeachment contra dois ministros do STF: Alexandre de Moraes e Dias Toffoli.&hellip;<\/p>","protected":false},"author":1,"featured_media":97066,"comment_status":"closed","ping_status":"open","sticky":false,"template":"","format":"standard","meta":{"content-type":"","footnotes":""},"categories":[16],"tags":[123,2448,5313,1267],"class_list":["post-97065","post","type-post","status-publish","format-standard","has-post-thumbnail","hentry","category-noticias","tag-brasil","tag-diario","tag-noticia","tag-noticias"],"_links":{"self":[{"href":"https:\/\/tvbrazilusa.com\/pt\/wp-json\/wp\/v2\/posts\/97065","targetHints":{"allow":["GET"]}}],"collection":[{"href":"https:\/\/tvbrazilusa.com\/pt\/wp-json\/wp\/v2\/posts"}],"about":[{"href":"https:\/\/tvbrazilusa.com\/pt\/wp-json\/wp\/v2\/types\/post"}],"author":[{"embeddable":true,"href":"https:\/\/tvbrazilusa.com\/pt\/wp-json\/wp\/v2\/users\/1"}],"replies":[{"embeddable":true,"href":"https:\/\/tvbrazilusa.com\/pt\/wp-json\/wp\/v2\/comments?post=97065"}],"version-history":[{"count":1,"href":"https:\/\/tvbrazilusa.com\/pt\/wp-json\/wp\/v2\/posts\/97065\/revisions"}],"predecessor-version":[{"id":97067,"href":"https:\/\/tvbrazilusa.com\/pt\/wp-json\/wp\/v2\/posts\/97065\/revisions\/97067"}],"wp:featuredmedia":[{"embeddable":true,"href":"https:\/\/tvbrazilusa.com\/pt\/wp-json\/wp\/v2\/media\/97066"}],"wp:attachment":[{"href":"https:\/\/tvbrazilusa.com\/pt\/wp-json\/wp\/v2\/media?parent=97065"}],"wp:term":[{"taxonomy":"category","embeddable":true,"href":"https:\/\/tvbrazilusa.com\/pt\/wp-json\/wp\/v2\/categories?post=97065"},{"taxonomy":"post_tag","embeddable":true,"href":"https:\/\/tvbrazilusa.com\/pt\/wp-json\/wp\/v2\/tags?post=97065"}],"curies":[{"name":"wp","href":"https:\/\/api.w.org\/{rel}","templated":true}]}}