{"id":97071,"date":"2025-01-29T17:21:03","date_gmt":"2025-01-29T17:21:03","guid":{"rendered":"https:\/\/tvbrazilusa.com\/2025\/01\/29\/fogo-amigo-kassab-chama-haddad-de-fraco-e-diz-que-pt-perderia-eleicao-se-fosse-hoje\/"},"modified":"2025-01-29T17:21:05","modified_gmt":"2025-01-29T17:21:05","slug":"fogo-amigo-kassab-chama-haddad-de-fraco-e-diz-que-pt-perderia-eleicao-se-fosse-hoje","status":"publish","type":"post","link":"https:\/\/tvbrazilusa.com\/pt\/2025\/01\/29\/fogo-amigo-kassab-chama-haddad-de-fraco-e-diz-que-pt-perderia-eleicao-se-fosse-hoje\/","title":{"rendered":"Fogo amigo: Kassab chama Haddad de fraco e diz que PT perderia elei\u00e7\u00e3o se fosse hoje"},"content":{"rendered":"<p> <script async src=\"https:\/\/pagead2.googlesyndication.com\/pagead\/js\/adsbygoogle.js?client=ca-pub-8864793242727901\"\r\n     crossorigin=\"anonymous\"><\/script><br \/>\n<\/p>\n<div id=\"taboola-read-more\" style=\"display:block; width:100%\">\n<p>Gilberto Kassab, presidente do PSD e secret\u00e1rio do estado de S\u00e3o Paulo na gest\u00e3o Tarc\u00edsio de Freitas (Republicanos), disse nesta quarta-feira (29) que Fernando Haddad \u00e9 fraco na condu\u00e7\u00e3o do Minist\u00e9rio da Fazenda, ao contr\u00e1rio de figuras que ocuparam o cargo no passado, como Fernando Henrique Cardoso, Antonio Palocci, Henrique Meirelles e Paulo Guedes, na sua avalia\u00e7\u00e3o.\n<\/p>\n<p>&#8220;O que vemos hoje \u00e9 uma dificuldade do ministro Haddad de comandar. Um ministro da economia fraco \u00e9 sempre um p\u00e9ssimo indicativo&#8221;, disse durante evento do banco de investimento UBS BB, em S\u00e3o Paulo.<\/p>\n<p>Para analistas, a tentativa de equil\u00edbrio fiscal de Haddad fracassou ante a dificuldade de cortar gastos e aumentar a arrecada\u00e7\u00e3o. Um dos principais riscos vistos pelo mercado financeiro \u00e9 isen\u00e7\u00e3o de Imposto de Renda para quem ganha at\u00e9 R$ 5.000, anunciada pelo governo Lula. Segundo as proje\u00e7\u00f5es, a contrapartida de arrecadar mais IR de quem ganha mais n\u00e3o seria o suficiente para cobrir essa perda de arrecada\u00e7\u00e3o.\n<\/p>\n<p>De acordo com Kassab, o governo federal tem cometido muitos erros na condu\u00e7\u00e3o da pol\u00edtica econ\u00f4mica e n\u00e3o tem dado passos para corrigi-los. Segundo ele, se a elei\u00e7\u00e3o presidencial fosse hoje, Lula perderia.\n<\/p>\n<p>&#8220;O PT n\u00e3o estaria na condi\u00e7\u00e3o de favorito, mas na condi\u00e7\u00e3o de derrotado. N\u00e3o vejo uma articula\u00e7\u00e3o para reverter essa tend\u00eancia de piora no cen\u00e1rio. N\u00e3o vejo nenhuma marca boa, como teve FHC e o Lula nos primeiros mandatos&#8221;, afirmou.\n<\/p>\n<p>O presidente do PSD \u2014partido que tem minist\u00e9rios no governo Lula\u2014 tamb\u00e9m mencionou a manifesta\u00e7\u00e3o que est\u00e1 sendo convocada pela oposi\u00e7\u00e3o em mar\u00e7o e disse que, se algum acontecimento relevante acontecer l\u00e1, ela pode ser grande.\n<\/p>\n<p>&#8220;A manifesta\u00e7\u00e3o pela manifesta\u00e7\u00e3o n\u00e3o preocupa. Mas caso surja um fato concreto que justifique essa manifesta\u00e7\u00e3o, voc\u00ea pode acreditar que ainda vai ser explosivo&#8221;, disse.\n<\/p>\n<p>Kassab tamb\u00e9m mencionou a eventual fus\u00e3o entre o seu partido e o PSDB, que avalia como de centro.\n<\/p>\n<p>&#8220;\u00c9 uma conversa dif\u00edcil, porque o PSDB tem muita hist\u00f3ria, mas \u00e9 uma conversa que est\u00e1 acontecendo, pode ser bem sucedida e pode resultar num partido maior, mais fortalecido, com grande perspectiva de ocupar um espa\u00e7o mais importante ainda no cen\u00e1rio da pol\u00edtica brasileira&#8221;, disse Kassab.\n<\/p>\n<p>Enquanto perde for\u00e7a pol\u00edtica e pol\u00edticos importantes, como Raquel Lyra, que deve ir para o PSD, o PSDB tamb\u00e9m avalia a jun\u00e7\u00e3o com MDB, Solidariedade ou Podemos.\n<\/p>\n<p>Ao falar sobre a elei\u00e7\u00e3o de 2026, Kassab refor\u00e7ou que Tarc\u00edsio seria o maior expoente da oposi\u00e7\u00e3o, mas que ele visa a reelei\u00e7\u00e3o para o governo paulista e que a elei\u00e7\u00e3o teria nomes como Romeu Zema (Novo), Ronaldo Caiado (Uni\u00e3o Brasil) e Ratinho Jr. (PSD).\n<\/p>\n<p>&#8220;Se o Tarc\u00edsio n\u00e3o for, cada partido vai lan\u00e7ar um candidato, todos eles v\u00e3o ter 15%, e um deles vai no segundo turno.&#8221;<\/p>\n<p>Fonte: Folha de S. Paulo              <\/p>\n<\/div>\n<p><br \/>\n<br \/><a href=\"https:\/\/diariodobrasilnoticias.com.br\/noticia\/fogo-amigo-kassab-chama-haddad-de-fraco-e-diz-que-pt-perderia-eleicao-se-fosse-hoje-679a510a878f5\">Source link <\/a><\/p>","protected":false},"excerpt":{"rendered":"<p>Gilberto Kassab, presidente do PSD e secret\u00e1rio do estado de S\u00e3o Paulo na gest\u00e3o Tarc\u00edsio de Freitas (Republicanos), disse nesta quarta-feira (29) que Fernando Haddad \u00e9 fraco na condu\u00e7\u00e3o do&hellip;<\/p>","protected":false},"author":1,"featured_media":97072,"comment_status":"closed","ping_status":"open","sticky":false,"template":"","format":"standard","meta":{"content-type":"","footnotes":""},"categories":[16],"tags":[123,2448,5313,1267],"class_list":["post-97071","post","type-post","status-publish","format-standard","has-post-thumbnail","hentry","category-noticias","tag-brasil","tag-diario","tag-noticia","tag-noticias"],"_links":{"self":[{"href":"https:\/\/tvbrazilusa.com\/pt\/wp-json\/wp\/v2\/posts\/97071","targetHints":{"allow":["GET"]}}],"collection":[{"href":"https:\/\/tvbrazilusa.com\/pt\/wp-json\/wp\/v2\/posts"}],"about":[{"href":"https:\/\/tvbrazilusa.com\/pt\/wp-json\/wp\/v2\/types\/post"}],"author":[{"embeddable":true,"href":"https:\/\/tvbrazilusa.com\/pt\/wp-json\/wp\/v2\/users\/1"}],"replies":[{"embeddable":true,"href":"https:\/\/tvbrazilusa.com\/pt\/wp-json\/wp\/v2\/comments?post=97071"}],"version-history":[{"count":1,"href":"https:\/\/tvbrazilusa.com\/pt\/wp-json\/wp\/v2\/posts\/97071\/revisions"}],"predecessor-version":[{"id":97073,"href":"https:\/\/tvbrazilusa.com\/pt\/wp-json\/wp\/v2\/posts\/97071\/revisions\/97073"}],"wp:featuredmedia":[{"embeddable":true,"href":"https:\/\/tvbrazilusa.com\/pt\/wp-json\/wp\/v2\/media\/97072"}],"wp:attachment":[{"href":"https:\/\/tvbrazilusa.com\/pt\/wp-json\/wp\/v2\/media?parent=97071"}],"wp:term":[{"taxonomy":"category","embeddable":true,"href":"https:\/\/tvbrazilusa.com\/pt\/wp-json\/wp\/v2\/categories?post=97071"},{"taxonomy":"post_tag","embeddable":true,"href":"https:\/\/tvbrazilusa.com\/pt\/wp-json\/wp\/v2\/tags?post=97071"}],"curies":[{"name":"wp","href":"https:\/\/api.w.org\/{rel}","templated":true}]}}