{"id":97074,"date":"2025-01-29T17:36:23","date_gmt":"2025-01-29T17:36:23","guid":{"rendered":"https:\/\/tvbrazilusa.com\/2025\/01\/29\/cabeca-de-juiz-e-traseira-de-burro-nao-sao-confiaveis-diz-procurador-veja-video\/"},"modified":"2025-01-29T17:36:25","modified_gmt":"2025-01-29T17:36:25","slug":"cabeca-de-juiz-e-traseira-de-burro-nao-sao-confiaveis-diz-procurador-veja-video","status":"publish","type":"post","link":"https:\/\/tvbrazilusa.com\/pt\/2025\/01\/29\/cabeca-de-juiz-e-traseira-de-burro-nao-sao-confiaveis-diz-procurador-veja-video\/","title":{"rendered":"&#8216;Cabe\u00e7a de juiz e traseira de burro n\u00e3o s\u00e3o confi\u00e1veis&#8217;, diz procurador; VEJA V\u00cdDEO"},"content":{"rendered":"<p> <script async src=\"https:\/\/pagead2.googlesyndication.com\/pagead\/js\/adsbygoogle.js?client=ca-pub-8864793242727901\"\r\n     crossorigin=\"anonymous\"><\/script><br \/>\n<\/p>\n<div id=\"taboola-read-more\" style=\"display:block; width:100%\">\n<p>O procurador-geral de Justi\u00e7a do Maranh\u00e3o, Danilo Jos\u00e9 de Castro Ferreira, colocou em xeque a reputa\u00e7\u00e3o de ju\u00edzes e de representantes da Igreja Cat\u00f3lica em uma s\u00f3 frase, durante sess\u00e3o extraordin\u00e1ria do Col\u00e9gio de Procuradores de Justi\u00e7a, realizada na segunda-feira (27\/1).<\/p>\n<p>No encontro, ao falar sobre uma representa\u00e7\u00e3o ao Conselho Nacional do Minist\u00e9rio P\u00fablico (CNMP), o procurador-geral fez compara\u00e7\u00f5es duvidosas e negativas quanto a decis\u00f5es de ju\u00edzes e ainda sobre esc\u00e2ndalos s3xuais envolvendo padres.<\/p>\n<p>J\u00e1 no t\u00e9rmino da sess\u00e3o, ap\u00f3s 2h29 de debates, o procurador-geral de Justi\u00e7a do Maranh\u00e3o afirmou: \u201c\u00c9 aquela velha hist\u00f3ria, depois que voc\u00ea vai para o Conselho Nacional, a\u00ed voc\u00ea perdeu o controle da coisa. O relator conselheiro \u00e9 como se fosse um juiz: cabe\u00e7a de juiz, dianteira de padre e traseira de burro n\u00e3o s\u00e3o confi\u00e1veis. Vamos aguardar e, se Deus quiser, eu tenho plena convic\u00e7\u00e3o de que est\u00e1 tudo certo. Mas vamos aguardar\u201d, disse o procurador.<\/p>\n<p>Ap\u00f3s a declara\u00e7\u00e3o, a Associa\u00e7\u00e3o dos Magistrados do Maranh\u00e3o (AMMA), que congrega 427 associados, repudiou as afirma\u00e7\u00f5es. \u201cQual prop\u00f3sito h\u00e1 em tecer tal esdr\u00faxula refer\u00eancia negativa \u00e0 independ\u00eancia e ao livre convencimento motivado da magistratura, elementos essenciais ao pleno exerc\u00edcio da atividade judicante?\u201d, questionou a associa\u00e7\u00e3o em nota.<\/p>\n<p>Na rede social oficial do Minist\u00e9rio P\u00fablico do Maranh\u00e3o, o procurador-Geral de Justi\u00e7a publicou nota na qual diz que \u201cjamais pretendeu causar qualquer atrito entre as respeitadas institui\u00e7\u00f5es republicanas\u201d. Completou ainda: \u201cE para afastar qualquer esp\u00e9cie de mal-estar, pede escusas para o caso de involuntariamente ter passado qualquer impress\u00e3o negativa, pois, na verdade, quis expressar apenas que os ju\u00edzes s\u00e3o independentes e imparciais e que suas decis\u00f5es, naturalmente, com base nesses princ\u00edpios, s\u00e3o imprevis\u00edveis, como de fato devem ser\u201d\n<\/p>\n<p>Fonte: Metr\u00f3poles              <\/p>\n<\/div>\n<p><br \/>\n<br \/><a href=\"https:\/\/diariodobrasilnoticias.com.br\/noticia\/-cabeca-de-juiz-e-traseira-de-burro-nao-sao-confiaveis-diz-procurador-veja-video-679a3bb62ccf1\">Source link <\/a><\/p>","protected":false},"excerpt":{"rendered":"<p>O procurador-geral de Justi\u00e7a do Maranh\u00e3o, Danilo Jos\u00e9 de Castro Ferreira, colocou em xeque a reputa\u00e7\u00e3o de ju\u00edzes e de representantes da Igreja Cat\u00f3lica em uma s\u00f3 frase, durante sess\u00e3o&hellip;<\/p>","protected":false},"author":1,"featured_media":97075,"comment_status":"closed","ping_status":"open","sticky":false,"template":"","format":"standard","meta":{"content-type":"","footnotes":""},"categories":[16],"tags":[123,2448,5313,1267],"class_list":["post-97074","post","type-post","status-publish","format-standard","has-post-thumbnail","hentry","category-noticias","tag-brasil","tag-diario","tag-noticia","tag-noticias"],"_links":{"self":[{"href":"https:\/\/tvbrazilusa.com\/pt\/wp-json\/wp\/v2\/posts\/97074","targetHints":{"allow":["GET"]}}],"collection":[{"href":"https:\/\/tvbrazilusa.com\/pt\/wp-json\/wp\/v2\/posts"}],"about":[{"href":"https:\/\/tvbrazilusa.com\/pt\/wp-json\/wp\/v2\/types\/post"}],"author":[{"embeddable":true,"href":"https:\/\/tvbrazilusa.com\/pt\/wp-json\/wp\/v2\/users\/1"}],"replies":[{"embeddable":true,"href":"https:\/\/tvbrazilusa.com\/pt\/wp-json\/wp\/v2\/comments?post=97074"}],"version-history":[{"count":1,"href":"https:\/\/tvbrazilusa.com\/pt\/wp-json\/wp\/v2\/posts\/97074\/revisions"}],"predecessor-version":[{"id":97076,"href":"https:\/\/tvbrazilusa.com\/pt\/wp-json\/wp\/v2\/posts\/97074\/revisions\/97076"}],"wp:featuredmedia":[{"embeddable":true,"href":"https:\/\/tvbrazilusa.com\/pt\/wp-json\/wp\/v2\/media\/97075"}],"wp:attachment":[{"href":"https:\/\/tvbrazilusa.com\/pt\/wp-json\/wp\/v2\/media?parent=97074"}],"wp:term":[{"taxonomy":"category","embeddable":true,"href":"https:\/\/tvbrazilusa.com\/pt\/wp-json\/wp\/v2\/categories?post=97074"},{"taxonomy":"post_tag","embeddable":true,"href":"https:\/\/tvbrazilusa.com\/pt\/wp-json\/wp\/v2\/tags?post=97074"}],"curies":[{"name":"wp","href":"https:\/\/api.w.org\/{rel}","templated":true}]}}