{"id":97083,"date":"2025-01-29T17:55:38","date_gmt":"2025-01-29T17:55:38","guid":{"rendered":"https:\/\/tvbrazilusa.com\/2025\/01\/29\/trimmer-trimmer-pulhado-para-mudados-de-principacao-de-wood-no-sul-fl-relatorios\/"},"modified":"2025-01-29T18:08:18","modified_gmt":"2025-01-29T18:08:18","slug":"trimmer-trimmer-pulhado-para-mudados-de-principacao-de-wood-no-sul-fl-relatorios","status":"publish","type":"post","link":"https:\/\/tvbrazilusa.com\/pt\/2025\/01\/29\/trimmer-trimmer-pulhado-para-mudados-de-principacao-de-wood-no-sul-fl-relatorios\/","title":{"rendered":"TRIMMER TRIMMER PULHADO PARA MUDADOS DE PRINCIPA\u00c7\u00c3O DE WOOD NO SUL FL: RELAT\u00d3RIOS"},"content":{"rendered":"<p> <script async src=\"https:\/\/pagead2.googlesyndication.com\/pagead\/js\/adsbygoogle.js?client=ca-pub-8864793242727901\"\r\n     crossorigin=\"anonymous\"><\/script><br \/>\n<\/p>\n<div>\n<p>O incidente aconteceu por volta das 9h30 da ter\u00e7a -feira em propriedades pertencentes a <a href=\"https:\/\/cbs12.com\/news\/local\/tree-trimming-accident-claims-life-of-contractor-in-town-of-ocean-ridge-boynton-beach-fire-rescue-police-department-south-florida-news-january-28-2025\" target=\"_blank\" rel=\"nofollow\">Ocean Ridge Town Hall e Departamento de Pol\u00edcia<\/a>CBS12 relatou. <\/p>\n<p>No momento do acidente, o homem estava tentando colocar um item no picador quando foi puxado para ele, informou o WPTV.<\/p>\n<\/div>\n<div>\n<p>Ladner disse \u00e0 CBS12 que o homem, que estava no picador at\u00e9 os ombros, foi decapitado.<\/p>\n<p>&#8220;O indiv\u00edduo estava trabalhando, fazendo \u00e1rvores aparando e alimentando um picador de madeira&#8221;, disse Ladner em um relat\u00f3rio da WPTV. &#8220;Outros membros da tripula\u00e7\u00e3o viram isso acontecer \u00e9 o meu entendimento e imediatamente come\u00e7aram a responder, assim como nossa equipe e oficiais&#8221;.<\/p>\n<\/div>\n<div>\n<p>O nome do homem n\u00e3o foi divulgado enquanto aguardava notifica\u00e7\u00e3o para sua fam\u00edlia no M\u00e9xico, segundo relatos.<\/p>\n<p>&#8220;\u00c9 horr\u00edvel&#8221;, disse Monique Hummel, moradora, \u00e0 CBS12. &#8220;Acabamos de ouvir o que aconteceu e \u00e9 horr\u00edvel. Sinto pela fam\u00edlia, pelo cavalheiro. E zangado. Irritado se isso poderia ter sido evitado&#8221;.<\/p>\n<\/div>\n<div>\n<p>A Pol\u00edcia de Ocean Ridge e a Administra\u00e7\u00e3o de Seguran\u00e7a e Sa\u00fade Ocupacional est\u00e3o investigando o acidente, segundo relatos.<\/p>\n<\/div>\n<p><br \/>\n<br \/><a href=\"http:\/\/patch.com\/florida\/west-palm-beach\/ocean-ridge-tree-trimmer-pulled-wood-chipper-dies-reports?utm_source=article-mostrecent&#038;utm_medium=rss&#038;utm_term=crime%20%26%20safety&#038;utm_campaign=recirc&#038;utm_content=aol\">Source link <\/a><\/p>","protected":false},"excerpt":{"rendered":"<p>O incidente aconteceu por volta das 9h30 da ter\u00e7a -feira em propriedades pertencentes a Ocean Ridge Town Hall e Departamento de Pol\u00edciaCBS12 relatou. No momento do acidente, o homem estava&hellip;<\/p>","protected":false},"author":1,"featured_media":97084,"comment_status":"closed","ping_status":"open","sticky":false,"template":"","format":"standard","meta":{"content-type":"","footnotes":""},"categories":[1],"tags":[],"class_list":["post-97083","post","type-post","status-publish","format-standard","has-post-thumbnail","hentry","category-uncategorized"],"_links":{"self":[{"href":"https:\/\/tvbrazilusa.com\/pt\/wp-json\/wp\/v2\/posts\/97083","targetHints":{"allow":["GET"]}}],"collection":[{"href":"https:\/\/tvbrazilusa.com\/pt\/wp-json\/wp\/v2\/posts"}],"about":[{"href":"https:\/\/tvbrazilusa.com\/pt\/wp-json\/wp\/v2\/types\/post"}],"author":[{"embeddable":true,"href":"https:\/\/tvbrazilusa.com\/pt\/wp-json\/wp\/v2\/users\/1"}],"replies":[{"embeddable":true,"href":"https:\/\/tvbrazilusa.com\/pt\/wp-json\/wp\/v2\/comments?post=97083"}],"version-history":[{"count":1,"href":"https:\/\/tvbrazilusa.com\/pt\/wp-json\/wp\/v2\/posts\/97083\/revisions"}],"predecessor-version":[{"id":97085,"href":"https:\/\/tvbrazilusa.com\/pt\/wp-json\/wp\/v2\/posts\/97083\/revisions\/97085"}],"wp:featuredmedia":[{"embeddable":true,"href":"https:\/\/tvbrazilusa.com\/pt\/wp-json\/wp\/v2\/media\/97084"}],"wp:attachment":[{"href":"https:\/\/tvbrazilusa.com\/pt\/wp-json\/wp\/v2\/media?parent=97083"}],"wp:term":[{"taxonomy":"category","embeddable":true,"href":"https:\/\/tvbrazilusa.com\/pt\/wp-json\/wp\/v2\/categories?post=97083"},{"taxonomy":"post_tag","embeddable":true,"href":"https:\/\/tvbrazilusa.com\/pt\/wp-json\/wp\/v2\/tags?post=97083"}],"curies":[{"name":"wp","href":"https:\/\/api.w.org\/{rel}","templated":true}]}}