{"id":97101,"date":"2025-01-29T18:44:56","date_gmt":"2025-01-29T18:44:56","guid":{"rendered":"https:\/\/tvbrazilusa.com\/2025\/01\/29\/militancia-identitaria-entra-com-pedido-de-r-10-milhoes-contra-claudia-leitte\/"},"modified":"2025-01-29T18:44:57","modified_gmt":"2025-01-29T18:44:57","slug":"militancia-identitaria-entra-com-pedido-de-r-10-milhoes-contra-claudia-leitte","status":"publish","type":"post","link":"https:\/\/tvbrazilusa.com\/pt\/2025\/01\/29\/militancia-identitaria-entra-com-pedido-de-r-10-milhoes-contra-claudia-leitte\/","title":{"rendered":"Milit\u00e2ncia identit\u00e1ria entra com pedido de R$ 10 milh\u00f5es contra Claudia Leitte"},"content":{"rendered":"<p> <script async src=\"https:\/\/pagead2.googlesyndication.com\/pagead\/js\/adsbygoogle.js?client=ca-pub-8864793242727901\"\r\n     crossorigin=\"anonymous\"><\/script><br \/>\n<\/p>\n<div id=\"taboola-read-more\" style=\"display:block; width:100%\">\n<p>Minist\u00e9rio P\u00fablico da Bahia (MPBA) promoveu em 27 de novembro uma audi\u00eancia com o objetivo de discutir medidas de prote\u00e7\u00e3o \u00e0s religi\u00f5es de matriz africana tendo ponto principal o caso envolvendo a artista baiana Cl\u00e1udia Leitte, acusada de racismo religioso ap\u00f3s alterar a letra de uma de suas m\u00fasicas em seus shows, substituindo \u201cIemanj\u00e1\u201d por \u201cYeshua\u201d.\n<\/p>\n<p>A grande maioria dos participantes do evento eram militantes oriundos de universidades e movimentos culturais e religiosos.<\/p>\n<p>O Minist\u00e9rio P\u00fablico da Bahia (MPBA) promoveu em 27 de novembro uma audi\u00eancia com o objetivo de discutir medidas de prote\u00e7\u00e3o \u00e0s religi\u00f5es de matriz africana tendo ponto principal o caso envolvendo a artista baiana Cl\u00e1udia Leitte, acusada de racismo religioso ap\u00f3s alterar a letra de uma de suas m\u00fasicas em seus shows, substituindo \u201cIemanj\u00e1\u201d por \u201cYeshua\u201d.\n<\/p>\n<p>A grande maioria dos participantes do evento eram militantes oriundos de universidades e movimentos culturais e religiosos.\n<\/p>\n<p>As entidades que participaram do debate levaram a MP sugest\u00e3o de impor uma indeniza\u00e7\u00e3o no valor de R$ 10 milh\u00f5es a ser arcado por Cl\u00e1udia Leitte, destinada ao fomento de campanhas contra o racismo religioso.\n<\/p>\n<p>Al\u00e9m disso, ser\u00e1 solicitado que a artista suspenda a apresenta\u00e7\u00e3o da m\u00fasica \u201cCaranguejo\u201d ou, alternativamente, mantenha sua letra original.\n<\/p>\n<p>Os grupos presentes na audi\u00eancia tamb\u00e9m cogitam a possibilidade de que o inqu\u00e9rito civil instaurado at\u00e9 o momento contra Cl\u00e1udia seja convertido em um processo criminal.\n<\/p>\n<p>Essa decis\u00e3o caber\u00e1 \u00e0 promotoria e depender\u00e1 ainda da autoriza\u00e7\u00e3o do Judici\u00e1rio para efetiva\u00e7\u00e3o dos pedidos apresentados pelas entidades.\n<\/p>\n<p>A den\u00fancia contra a cantora foi feita pela iyalorix\u00e1 Jaciara Ribeiro e pelo Instituto de Defesa dos Direitos das Religi\u00f5es Afro-Brasileiras (Idafro).\n<\/p>\n<p>Anajure defende a liberdade de express\u00e3o e de religi\u00e3o<br \/>A Anajure (Associa\u00e7\u00e3o Nacional de Juristas Evag\u00e9licos) representada pelo advogado Iannick Sucupira Curvelo, defendeu o direito da artista de adaptar seu repert\u00f3rio musical \u00e0s suas cren\u00e7as religiosas, argumentando que tal a\u00e7\u00e3o n\u00e3o deve ser interpretada como uma forma de racismo ou ataque \u00e0s tradi\u00e7\u00f5es religiosas africanas.\n<\/p>\n<p>A Anajure expressou preocupa\u00e7\u00e3o com a clara parcialidade que permeou as discuss\u00f5es durante o encontro. A rea\u00e7\u00e3o dos militantes presentes, por\u00e9m, gritar palavras de ordem, dificultando um di\u00e1logo construtivo no audit\u00f3rio e transformando a audi\u00eancia em um espa\u00e7o conflituoso.\n<\/p>\n<p>A organiza\u00e7\u00e3o reafirmou seu compromisso em promover um debate equilibrado e respeitoso, buscando garantir que diferentes perspectivas sejam ouvidas.\n<\/p>\n<p>Al\u00e9m disso, anunciou que continuar\u00e1 sua atua\u00e7\u00e3o t\u00e9cnica em rela\u00e7\u00e3o ao caso que originou a audi\u00eancia, defendendo sempre a liberdade religiosa da cantora Cl\u00e1udia Leitte.\n<\/p>\n<p>A advogada Alzemeri Martins, do Instituto Brasileiro de Direito e Religi\u00e3o (IBDR), pediu aos presentes para considerar que Claudia Leitte tem sua pr\u00f3pria f\u00e9 e deve ser respeitada nesse aspecto.\n<\/p>\n<p>No entanto, sua declara\u00e7\u00e3o tamb\u00e9m gerou descontentamento entre a milit\u00e2ncia presente na audi\u00eancia, com algumas vozes expressando indigna\u00e7\u00e3o ao ouvir seus argumentos.<\/p>\n<p>Fonte: O antagonista              <\/p>\n<\/div>\n<p><br \/>\n<br \/><a href=\"https:\/\/diariodobrasilnoticias.com.br\/noticia\/militancia-identitaria-entra-com-pedido-de-r-10-milhoes-contra-claudia-leitte-679a4e7b8bd3a\">Source link <\/a><\/p>","protected":false},"excerpt":{"rendered":"<p>Minist\u00e9rio P\u00fablico da Bahia (MPBA) promoveu em 27 de novembro uma audi\u00eancia com o objetivo de discutir medidas de prote\u00e7\u00e3o \u00e0s religi\u00f5es de matriz africana tendo ponto principal o caso&hellip;<\/p>","protected":false},"author":1,"featured_media":97102,"comment_status":"closed","ping_status":"open","sticky":false,"template":"","format":"standard","meta":{"content-type":"","footnotes":""},"categories":[16],"tags":[123,2448,5313,1267],"class_list":["post-97101","post","type-post","status-publish","format-standard","has-post-thumbnail","hentry","category-noticias","tag-brasil","tag-diario","tag-noticia","tag-noticias"],"_links":{"self":[{"href":"https:\/\/tvbrazilusa.com\/pt\/wp-json\/wp\/v2\/posts\/97101","targetHints":{"allow":["GET"]}}],"collection":[{"href":"https:\/\/tvbrazilusa.com\/pt\/wp-json\/wp\/v2\/posts"}],"about":[{"href":"https:\/\/tvbrazilusa.com\/pt\/wp-json\/wp\/v2\/types\/post"}],"author":[{"embeddable":true,"href":"https:\/\/tvbrazilusa.com\/pt\/wp-json\/wp\/v2\/users\/1"}],"replies":[{"embeddable":true,"href":"https:\/\/tvbrazilusa.com\/pt\/wp-json\/wp\/v2\/comments?post=97101"}],"version-history":[{"count":1,"href":"https:\/\/tvbrazilusa.com\/pt\/wp-json\/wp\/v2\/posts\/97101\/revisions"}],"predecessor-version":[{"id":97103,"href":"https:\/\/tvbrazilusa.com\/pt\/wp-json\/wp\/v2\/posts\/97101\/revisions\/97103"}],"wp:featuredmedia":[{"embeddable":true,"href":"https:\/\/tvbrazilusa.com\/pt\/wp-json\/wp\/v2\/media\/97102"}],"wp:attachment":[{"href":"https:\/\/tvbrazilusa.com\/pt\/wp-json\/wp\/v2\/media?parent=97101"}],"wp:term":[{"taxonomy":"category","embeddable":true,"href":"https:\/\/tvbrazilusa.com\/pt\/wp-json\/wp\/v2\/categories?post=97101"},{"taxonomy":"post_tag","embeddable":true,"href":"https:\/\/tvbrazilusa.com\/pt\/wp-json\/wp\/v2\/tags?post=97101"}],"curies":[{"name":"wp","href":"https:\/\/api.w.org\/{rel}","templated":true}]}}