{"id":97104,"date":"2025-01-29T18:57:28","date_gmt":"2025-01-29T18:57:28","guid":{"rendered":"https:\/\/tvbrazilusa.com\/2025\/01\/29\/nao-falei-a-palavra-golpe-afirma-cid-em-nova-gravacao-obtida-por-veja\/"},"modified":"2025-01-29T18:57:29","modified_gmt":"2025-01-29T18:57:29","slug":"nao-falei-a-palavra-golpe-afirma-cid-em-nova-gravacao-obtida-por-veja","status":"publish","type":"post","link":"https:\/\/tvbrazilusa.com\/pt\/2025\/01\/29\/nao-falei-a-palavra-golpe-afirma-cid-em-nova-gravacao-obtida-por-veja\/","title":{"rendered":"&#8216;N\u00e3o falei a palavra golpe&#8217;, afirma Cid em nova grava\u00e7\u00e3o obtida por VEJA"},"content":{"rendered":"<p> <script async src=\"https:\/\/pagead2.googlesyndication.com\/pagead\/js\/adsbygoogle.js?client=ca-pub-8864793242727901\"\r\n     crossorigin=\"anonymous\"><\/script><br \/>\n<\/p>\n<div id=\"taboola-read-more\" style=\"display:block; width:100%\">\n<p>Em agosto de 2023, o tenente-coronel Mauro Cid decidiu fechar um acordo de dela\u00e7\u00e3o premiada com a Pol\u00edcia Federal para confessar tudo que viu e ouviu no per\u00edodo em que atuou como ajudante de ordens de Jair Bolsonaro no Planalto. Os relatos de Cid embasaram pris\u00f5es e opera\u00e7\u00f5es de busca e apreens\u00e3o da Pol\u00edcia Federal contra bolsonaristas. Em setembro do ano passado, VEJA mostrou um outro lado do delator. Fazendo uma esp\u00e9cie de jogo duplo, em conversas com pessoas pr\u00f3ximas, Cid dizia que suas declara\u00e7\u00f5es na PF eram distorcidas para completar lacunas da investiga\u00e7\u00e3o contra bolsonaristas. \u201cEles est\u00e3o com a narrativa pronta. Eles n\u00e3o queriam saber a verdade, eles queriam s\u00f3 que eu confirmasse a narrativa deles\u201d, diz Cid numa grava\u00e7\u00e3o.\n<\/p>\n<p>Nesta semana, o Radar teve acesso a um novo \u00e1udio de Cid, registrado no primeiro semestre de 2024, em que ele amplia as cr\u00edticas sobre a forma como suas confiss\u00f5es eram registradas pela Pol\u00edcia Federal e vazadas para a imprensa. Novamente, ele surge irritado ao constatar, segundo ele, que palavras foram atribu\u00eddas por investigadores a ele sem que tivessem sido ditas.<\/p>\n<p>\u201cFala! Vou te dizer\u2026 Esse tro\u00e7o t\u00e1 entalado, cara. T\u00e1 entalado. Voc\u00ea viu que o cara botou a palavra golpe, cara? Eu n\u00e3o falei uma vez a palavra golpe, eu n\u00e3o falei uma vez a palavra golpe! Ent\u00e3o, quer dizer\u2026 Foi furo, foi erro, sei l\u00e1, acho at\u00e9 a condi\u00e7\u00e3o psicol\u00f3gica que eu tava na hora ali (do depoimento). P\u2026 Eu n\u00e3o falei golpe uma vez. N\u00e3o falei golpe uma vez\u201d, diz Cid.\n<\/p>\n<p>N\u00e3o \u00e9 poss\u00edvel apontar em qual depoimento de Cid teria ocorrido essa suposta inclus\u00e3o da palavra \u201cgolpe\u201d de modo indevido, mas sabe-se que o termo figura nos relatos de Cid, registrados pela PF, desde o in\u00edcio da colabora\u00e7\u00e3o. No fim de semana passado, a \u00edntegra do primeiro interrogat\u00f3rio de Cid, narrando a participa\u00e7\u00e3o de diferentes aliados de Bolsonaro nas discuss\u00f5es sobre um plano golpista, foi revelada pelo colunista Elio Gaspari.\n<\/p>\n<p>Cid confirma, no conte\u00fado vazado ao jornalista, que Bolsonaro trabalhava com duas hip\u00f3teses para manter-se no poder naqueles derradeiros dias de 2022 \u2014 e l\u00e1 est\u00e1 a palavra golpe: \u201cA primeira seria encontrar uma fraude nas elei\u00e7\u00f5es e a outra, por meio do grupo radical, encontrar uma forma de convencer as For\u00e7as Armadas a aderir a um Golpe de Estado\u201d, registra a transcri\u00e7\u00e3o da PF.\n<\/p>\n<p>A dela\u00e7\u00e3o de Cid, com depoimentos e v\u00eddeos dos interrogat\u00f3rios, segue, at\u00e9 hoje, em sigilo no gabinete do ministro Alexandre de Moraes, do STF. Quando os arquivos forem tornados p\u00fablicos, ser\u00e1 poss\u00edvel saber que lado de Cid falava a verdade: o delator que colaborou para elucidar crimes e colocar ex-aliados radicais na pris\u00e3o ou o militar aparentemente arrependido por entregar comparsas \u00e0 Justi\u00e7a. Vale lembrar que, durante as investiga\u00e7\u00f5es, v\u00e1rias provas foram obtidas, incluindo-se a\u00ed importantes informa\u00e7\u00f5es recuperadas em arquivos apagados de aparelhos do pr\u00f3prio Cid, comprovando detalhes da trama golpista delatada por ele.\n<\/p>\n<p>Desde que tornou-se delator, Cid envolveu-se em confus\u00f5es e quase perdeu seu acordo de dela\u00e7\u00e3o por causa desse jogo-duplo. Ele foi preso novamente por Moraes por violar as medidas estabelecidas no acordo, quando suas conversas sobre a dela\u00e7\u00e3o foram reveladas por VEJA. Em depoimento no STF, Cid disse que suas declara\u00e7\u00f5es, nessas conversas com pessoas pr\u00f3ximas, eram um \u201cdesabafo\u201d e negou que a PF tivesse adotado qualquer tipo de conduta irregular nas investiga\u00e7\u00f5es.<\/p>\n<p>Fonte: Veja              <\/p>\n<\/div>\n<p><br \/>\n<br \/><a href=\"https:\/\/diariodobrasilnoticias.com.br\/noticia\/-nao-falei-a-palavra-golpe-afirma-cid-em-nova-gravacao-obtida-por-veja-679a521687191\">Source link <\/a><\/p>","protected":false},"excerpt":{"rendered":"<p>Em agosto de 2023, o tenente-coronel Mauro Cid decidiu fechar um acordo de dela\u00e7\u00e3o premiada com a Pol\u00edcia Federal para confessar tudo que viu e ouviu no per\u00edodo em que&hellip;<\/p>","protected":false},"author":1,"featured_media":97105,"comment_status":"closed","ping_status":"open","sticky":false,"template":"","format":"standard","meta":{"content-type":"","footnotes":""},"categories":[16],"tags":[123,2448,5313,1267],"class_list":["post-97104","post","type-post","status-publish","format-standard","has-post-thumbnail","hentry","category-noticias","tag-brasil","tag-diario","tag-noticia","tag-noticias"],"_links":{"self":[{"href":"https:\/\/tvbrazilusa.com\/pt\/wp-json\/wp\/v2\/posts\/97104","targetHints":{"allow":["GET"]}}],"collection":[{"href":"https:\/\/tvbrazilusa.com\/pt\/wp-json\/wp\/v2\/posts"}],"about":[{"href":"https:\/\/tvbrazilusa.com\/pt\/wp-json\/wp\/v2\/types\/post"}],"author":[{"embeddable":true,"href":"https:\/\/tvbrazilusa.com\/pt\/wp-json\/wp\/v2\/users\/1"}],"replies":[{"embeddable":true,"href":"https:\/\/tvbrazilusa.com\/pt\/wp-json\/wp\/v2\/comments?post=97104"}],"version-history":[{"count":1,"href":"https:\/\/tvbrazilusa.com\/pt\/wp-json\/wp\/v2\/posts\/97104\/revisions"}],"predecessor-version":[{"id":97106,"href":"https:\/\/tvbrazilusa.com\/pt\/wp-json\/wp\/v2\/posts\/97104\/revisions\/97106"}],"wp:featuredmedia":[{"embeddable":true,"href":"https:\/\/tvbrazilusa.com\/pt\/wp-json\/wp\/v2\/media\/97105"}],"wp:attachment":[{"href":"https:\/\/tvbrazilusa.com\/pt\/wp-json\/wp\/v2\/media?parent=97104"}],"wp:term":[{"taxonomy":"category","embeddable":true,"href":"https:\/\/tvbrazilusa.com\/pt\/wp-json\/wp\/v2\/categories?post=97104"},{"taxonomy":"post_tag","embeddable":true,"href":"https:\/\/tvbrazilusa.com\/pt\/wp-json\/wp\/v2\/tags?post=97104"}],"curies":[{"name":"wp","href":"https:\/\/api.w.org\/{rel}","templated":true}]}}