{"id":97110,"date":"2025-01-29T19:22:04","date_gmt":"2025-01-29T19:22:04","guid":{"rendered":"https:\/\/tvbrazilusa.com\/2025\/01\/29\/homem-e-avistado-caminhando-sobre-as-aguas-veja-video\/"},"modified":"2025-01-29T19:22:06","modified_gmt":"2025-01-29T19:22:06","slug":"homem-e-avistado-caminhando-sobre-as-aguas-veja-video","status":"publish","type":"post","link":"https:\/\/tvbrazilusa.com\/pt\/2025\/01\/29\/homem-e-avistado-caminhando-sobre-as-aguas-veja-video\/","title":{"rendered":"Homem \u00e9 avistado caminhando sobre as \u00e1guas; VEJA V\u00cdDEO"},"content":{"rendered":"<p> <script async src=\"https:\/\/pagead2.googlesyndication.com\/pagead\/js\/adsbygoogle.js?client=ca-pub-8864793242727901\"\r\n     crossorigin=\"anonymous\"><\/script><br \/>\n<\/p>\n<div id=\"taboola-read-more\" style=\"display:block; width:100%\">\n<p>Um v\u00eddeo mostra o que parece ser um homem andando sobre o mar em Angola. Moradores locais acreditam que se trata do esp\u00edrito de Mano Chaba, um kudurista de 19 anos que se afogou no mesmo local. Antes da trag\u00e9dia, Chaba havia feito uma live pedindo ajuda aos seguidores para aprender a nadar.\n<\/p>\n<p><strong>ASSISTA:<\/strong><\/p>\n<p>Fonte: @luizbacci \/ Instagram\u00a0              <\/p>\n<\/div>\n<p><br \/>\n<br \/><a href=\"https:\/\/diariodobrasilnoticias.com.br\/noticia\/homem-e-avistado-caminhando-sobre-as-aguas-veja-video-679a6d85e2326\">Source link <\/a><\/p>","protected":false},"excerpt":{"rendered":"<p>Um v\u00eddeo mostra o que parece ser um homem andando sobre o mar em Angola. Moradores locais acreditam que se trata do esp\u00edrito de Mano Chaba, um kudurista de 19&hellip;<\/p>","protected":false},"author":1,"featured_media":97111,"comment_status":"closed","ping_status":"open","sticky":false,"template":"","format":"standard","meta":{"content-type":"","footnotes":""},"categories":[16],"tags":[123,2448,5313,1267],"class_list":["post-97110","post","type-post","status-publish","format-standard","has-post-thumbnail","hentry","category-noticias","tag-brasil","tag-diario","tag-noticia","tag-noticias"],"_links":{"self":[{"href":"https:\/\/tvbrazilusa.com\/pt\/wp-json\/wp\/v2\/posts\/97110","targetHints":{"allow":["GET"]}}],"collection":[{"href":"https:\/\/tvbrazilusa.com\/pt\/wp-json\/wp\/v2\/posts"}],"about":[{"href":"https:\/\/tvbrazilusa.com\/pt\/wp-json\/wp\/v2\/types\/post"}],"author":[{"embeddable":true,"href":"https:\/\/tvbrazilusa.com\/pt\/wp-json\/wp\/v2\/users\/1"}],"replies":[{"embeddable":true,"href":"https:\/\/tvbrazilusa.com\/pt\/wp-json\/wp\/v2\/comments?post=97110"}],"version-history":[{"count":1,"href":"https:\/\/tvbrazilusa.com\/pt\/wp-json\/wp\/v2\/posts\/97110\/revisions"}],"predecessor-version":[{"id":97112,"href":"https:\/\/tvbrazilusa.com\/pt\/wp-json\/wp\/v2\/posts\/97110\/revisions\/97112"}],"wp:featuredmedia":[{"embeddable":true,"href":"https:\/\/tvbrazilusa.com\/pt\/wp-json\/wp\/v2\/media\/97111"}],"wp:attachment":[{"href":"https:\/\/tvbrazilusa.com\/pt\/wp-json\/wp\/v2\/media?parent=97110"}],"wp:term":[{"taxonomy":"category","embeddable":true,"href":"https:\/\/tvbrazilusa.com\/pt\/wp-json\/wp\/v2\/categories?post=97110"},{"taxonomy":"post_tag","embeddable":true,"href":"https:\/\/tvbrazilusa.com\/pt\/wp-json\/wp\/v2\/tags?post=97110"}],"curies":[{"name":"wp","href":"https:\/\/api.w.org\/{rel}","templated":true}]}}