{"id":97116,"date":"2025-01-29T18:47:19","date_gmt":"2025-01-29T18:47:19","guid":{"rendered":"https:\/\/tvbrazilusa.com\/2025\/01\/29\/lula-perde-apoio-de-lulistas-e-nordestinos-e-desaprovacao-vai-a-51-paulo-figueiredo\/"},"modified":"2025-01-29T18:47:19","modified_gmt":"2025-01-29T18:47:19","slug":"lula-perde-apoio-de-lulistas-e-nordestinos-e-desaprovacao-vai-a-51-paulo-figueiredo","status":"publish","type":"post","link":"https:\/\/tvbrazilusa.com\/pt\/2025\/01\/29\/lula-perde-apoio-de-lulistas-e-nordestinos-e-desaprovacao-vai-a-51-paulo-figueiredo\/","title":{"rendered":"Lula perde apoio de lulistas e nordestinos, e desaprova\u00e7\u00e3o vai a 51% \u2013 Paulo Figueiredo"},"content":{"rendered":"<p> <script async src=\"https:\/\/pagead2.googlesyndication.com\/pagead\/js\/adsbygoogle.js?client=ca-pub-8864793242727901\"\r\n     crossorigin=\"anonymous\"><\/script><br \/>\n<\/p>\n<div id=\"wtr-content\" data-bg=\"#FFFFFF\" data-fg=\"#006d91\" data-width=\"25\" data-mute=\"1\" data-fgopacity=\"1.00\" data-mutedopacity=\"0.5\" data-placement=\"bottom\" data-placement-offset=\"0\" data-content-offset=\"262\" data-placement-touch=\"bottom\" data-placement-offset-touch=\"0\" data-transparent=\"\" data-shadow=\"0\" data-touch=\"1\" data-non-touch=\"1\" data-comments=\"0\" data-commentsbg=\"transparent\" data-location=\"page\" data-mutedfg=\"#006d91\" data-endfg=\"#006d91\" data-rtl=\"\">\n<p class=\"has-small-font-size\">Foto \u2013 Sergio Camargo<\/p>\n<h3 class=\"wp-block-heading\">Pesquisa PoderData feita de 25 a 27 de janeiro mostra que aprova\u00e7\u00e3o ao Lula 3 atingiu o pior patamar da gest\u00e3o e est\u00e1 em 42%<\/h3>\n<p>O governo do presidente\u00a0Luiz In\u00e1cio Lula da Silva\u00a0(PT) entrou na 2\u00aa metade do seu mandato com rejei\u00e7\u00e3o recorde e perda de apoio em grupos que o ajudaram a se eleger em 2022. Dados da pesquisa\u00a0<strong>PoderData\u00a0<\/strong>realizada de 25 a 27 de janeiro de 2025 mostram que 51% dos eleitores declaram<em>\u00a0\u201cdesaprovar\u201d<\/em>\u00a0a gest\u00e3o petista, enquanto 42% dizem \u201caprovar\u201d.<\/p>\n<p>\u00c9 a 3\u00aa vez desde a posse, em janeiro de 2023, que a taxa de desaprova\u00e7\u00e3o supera a de aprova\u00e7\u00e3o. Desta vez, entretanto, o cen\u00e1rio \u00e9 mais cr\u00edtico. A diferen\u00e7a entre as taxas \u00e9 de 9 pontos percentuais e est\u00e1 fora da margem de erro do levantamento (de 2 pontos, para mais ou para menos).<\/p>\n<figure class=\"wp-block-image aligncenter size-large is-resized\"\/>\n<p>O governo enfrenta hoje dificuldades econ\u00f4micas, pol\u00edticas e de comunica\u00e7\u00e3o. Prometeu na campanha<em>\u00a0\u201cincluir o pobre no Or\u00e7amento\u201d<\/em>, mas com a\u00a0alta do d\u00f3lar\u00a0(apesar do leve recuo nos \u00faltimos dias), que pressiona os pre\u00e7os internamente, em especial dos\u00a0alimentos, a administra\u00e7\u00e3o federal tem perdido apoio dos grupos mais vulner\u00e1veis. Essa tem sido uma preocupa\u00e7\u00e3o de Lula, que j\u00e1 deu\u00a0bronca\u00a0em ministros em reuni\u00e3o ministerial e\u00a0estuda\u00a0possibilidades para baixar os pre\u00e7os.<\/p>\n<p>Na metade de janeiro, o\u00a0Pixgate, com uma nova medida que alteraria a fiscaliza\u00e7\u00e3o do Pix, derreteu ainda mais a credibilidade da gest\u00e3o, que\u00a0revogou\u00a0a medida depois das cr\u00edticas recebidas nas redes.<\/p>\n<p>Os recortes demogr\u00e1ficos da pesquisa indicam que a queda na popularidade registrada na popula\u00e7\u00e3o geral est\u00e1 relacionada \u00e0 perda de apoio do petista em grupos considerados esteios para o governo: quem votou no petista em 2022 e, em especial, os eleitores moradores do Nordeste.<\/p>\n<ul class=\"wp-block-list\">\n<li><strong>lulistas\u00a0<\/strong>\u2013 dentre os eleitores que declaram ter votado em Lula (PT) na elei\u00e7\u00e3o presidencial, 23% dizem agora desaprovar a gest\u00e3o. Eram 10% no in\u00edcio do mandato. No per\u00edodo, a taxa dos que afirmam aprovar caiu de 87% para 73%.<\/li>\n<\/ul>\n<figure class=\"wp-block-image aligncenter size-large is-resized\"><img decoding=\"async\" src=\"https:\/\/static.poder360.com.br\/2025\/01\/pd-aprovacao-lulistas-descontentes-28-jan-2025-01-1536x1536.png\" alt=\"\" style=\"width:614px;height:auto\"\/><\/figure>\n<p><strong>nordestinos\u00a0<\/strong>\u2013 dentre os moradores da regi\u00e3o Nordeste, considerada reduto eleitoral hist\u00f3rico do petista, os percentuais de desaprova\u00e7\u00e3o subiram 8 pontos percentuais desde a posse. Foram de 35% para 43%. No per\u00edodo, o grupo que afirma estar satisfeito com a gest\u00e3o recuou de 55% para 51%. O\u00a0<em>gap<\/em>\u00a0entre os que apoiam e rejeitam o petista, que era de 20 pontos percentuais em 2023, despencou para 8 pontos percentuais agora.<\/p>\n<figure class=\"wp-block-image aligncenter size-large is-resized\"><img decoding=\"async\" src=\"https:\/\/static.poder360.com.br\/2025\/01\/pd-aprovacao-lula-nordeste-regioes-28-jan-2025-01-1536x1536.png\" alt=\"\" style=\"width:616px;height:auto\"\/><\/figure>\n<p>A pesquisa cujos dados s\u00e3o relatados neste\u00a0<em>post<\/em>\u00a0foi realizada pelo\u00a0<strong>PoderData<\/strong>, empresa do grupo\u00a0<strong>Poder360<\/strong>\u00a0Jornalismo, com recursos pr\u00f3prios. Os dados foram coletados de 25 a 27 de janeiro de 2025, por meio de liga\u00e7\u00f5es para celulares e telefones fixos. Foram 2.500 entrevistas completas em 219 munic\u00edpios nas 27 unidades da Federa\u00e7\u00e3o. A margem de erro \u00e9 de 2 pontos percentuais. O intervalo de confian\u00e7a \u00e9 de 95%.<\/p>\n<p>Para chegar a 2.500 entrevistas que preencham proporcionalmente (conforme aparecem na sociedade) os grupos por sexo, idade, renda, escolaridade e localiza\u00e7\u00e3o geogr\u00e1fica, o\u00a0<strong>PoderData\u00a0<\/strong>faz dezenas de milhares de telefonemas. Muitas vezes, s\u00e3o mais de 100 mil liga\u00e7\u00f5es at\u00e9 que sejam encontrados os entrevistados que representem de forma fiel o conjunto da popula\u00e7\u00e3o.<\/p>\n<p><strong><a rel=\"nofollow\" target=\"_blank\" href=\"https:\/\/www.poder360.com.br\/poderdata\/lula-perde-apoio-de-lulistas-e-nordestinos-e-desaprovacao-vai-a-51\/\">Source link<\/a><\/strong><\/p>\n<\/div>\n<p><br \/>\n<br \/><a href=\"https:\/\/tvfloridausa.com\/2025\/01\/29\/lula-perde-apoio-de-lulistas-e-nordestinos-e-desaprovacao-vai-a-51-paulo-figueiredo\/\">Source link <\/a><\/p>","protected":false},"excerpt":{"rendered":"<p>Foto \u2013 Sergio Camargo Pesquisa PoderData feita de 25 a 27 de janeiro mostra que aprova\u00e7\u00e3o ao Lula 3 atingiu o pior patamar da gest\u00e3o e est\u00e1 em 42% O&hellip;<\/p>","protected":false},"author":1,"featured_media":0,"comment_status":"","ping_status":"open","sticky":false,"template":"","format":"standard","meta":{"content-type":"","footnotes":""},"categories":[22],"tags":[],"class_list":["post-97116","post","type-post","status-publish","format-standard","hentry","category-tv-florida-usa"],"_links":{"self":[{"href":"https:\/\/tvbrazilusa.com\/pt\/wp-json\/wp\/v2\/posts\/97116","targetHints":{"allow":["GET"]}}],"collection":[{"href":"https:\/\/tvbrazilusa.com\/pt\/wp-json\/wp\/v2\/posts"}],"about":[{"href":"https:\/\/tvbrazilusa.com\/pt\/wp-json\/wp\/v2\/types\/post"}],"author":[{"embeddable":true,"href":"https:\/\/tvbrazilusa.com\/pt\/wp-json\/wp\/v2\/users\/1"}],"replies":[{"embeddable":true,"href":"https:\/\/tvbrazilusa.com\/pt\/wp-json\/wp\/v2\/comments?post=97116"}],"version-history":[{"count":0,"href":"https:\/\/tvbrazilusa.com\/pt\/wp-json\/wp\/v2\/posts\/97116\/revisions"}],"wp:attachment":[{"href":"https:\/\/tvbrazilusa.com\/pt\/wp-json\/wp\/v2\/media?parent=97116"}],"wp:term":[{"taxonomy":"category","embeddable":true,"href":"https:\/\/tvbrazilusa.com\/pt\/wp-json\/wp\/v2\/categories?post=97116"},{"taxonomy":"post_tag","embeddable":true,"href":"https:\/\/tvbrazilusa.com\/pt\/wp-json\/wp\/v2\/tags?post=97116"}],"curies":[{"name":"wp","href":"https:\/\/api.w.org\/{rel}","templated":true}]}}