{"id":97129,"date":"2025-01-29T20:29:27","date_gmt":"2025-01-29T20:29:27","guid":{"rendered":"https:\/\/tvbrazilusa.com\/2025\/01\/29\/homem-e-detido-por-manter-a-mae-de-73-anos-sem-se-alimentar-por-muitos-dias-seguidos\/"},"modified":"2025-01-29T20:29:28","modified_gmt":"2025-01-29T20:29:28","slug":"homem-e-detido-por-manter-a-mae-de-73-anos-sem-se-alimentar-por-muitos-dias-seguidos","status":"publish","type":"post","link":"https:\/\/tvbrazilusa.com\/pt\/2025\/01\/29\/homem-e-detido-por-manter-a-mae-de-73-anos-sem-se-alimentar-por-muitos-dias-seguidos\/","title":{"rendered":"Homem \u00e9 detido por manter a m\u00e3e de 73 anos sem se alimentar por muitos dias seguidos"},"content":{"rendered":"<p> <script async src=\"https:\/\/pagead2.googlesyndication.com\/pagead\/js\/adsbygoogle.js?client=ca-pub-8864793242727901\"\r\n     crossorigin=\"anonymous\"><\/script><br \/>\n<\/p>\n<div id=\"taboola-read-more\" style=\"display:block; width:100%\">\n<p>Um homem de 42 anos foi preso pelos crimes de maus-tratos, abandono material e explora\u00e7\u00e3o financeira contra a m\u00e3e de 73 anos. A deten\u00e7\u00e3o foi feita pela Pol\u00edcia Civil de Goi\u00e1s (PCGO) durante a Opera\u00e7\u00e3o Desumanus, deflagrada na tarde dessa ter\u00e7a-feira (28\/1), no Setor Finsocial, em Goi\u00e2nia.\n<\/p>\n<p>Os policiais civis da Delegacia Especializada no Atendimento ao Idoso (DEAI) receberam a den\u00fancia de que uma idosa vivia em condi\u00e7\u00f5es prec\u00e1rias h\u00e1 meses, com a sa\u00fade debilitada e sem acesso a cuidados b\u00e1sicos. Os filhos seriam os respons\u00e1veis pela situa\u00e7\u00e3o.<\/p>\n<p>Na casa da idosa, os agentes encontraram a v\u00edtima deitada em uma cama, sem higiene pessoal e cercada por sujeira, vivendo em um ambiente insalubre, com forte odor, sem ilumina\u00e7\u00e3o e ventila\u00e7\u00e3o adequada\n<\/p>\n<p>Idosa n\u00e3o comia h\u00e1 dias<br \/>O Corpo de Bombeiros de Goi\u00e2nia (CBMGO) foi acionado imediatamente e constatou a necessidade de atendimento m\u00e9dico urgente. A idosa, que estava em estado de inani\u00e7\u00e3o e sem acesso a alimentos h\u00e1 dias, foi encaminhada \u00e0 Unidade de Pronto Atendimento (UPA) da regi\u00e3o.\n<\/p>\n<p>Depois de atenderem a idosa, os policiais civis localizaram e prenderam o filho da v\u00edtima. Em depoimento na DEAI, ele tentou minimizar os fatos. O homem foi autuado por maus-tratos qualificados por les\u00f5es, abandono material e explora\u00e7\u00e3o financeira, crimes cujas penas somadas ultrapassam 12 anos de pris\u00e3o. A PCGO tamb\u00e9m identificou outro filho da v\u00edtima, que ser\u00e1 ouvido nos pr\u00f3ximos dias.\n<\/p>\n<p>Fonte: Metr\u00f3poles              <\/p>\n<\/div>\n<p><br \/>\n<br \/><a href=\"https:\/\/diariodobrasilnoticias.com.br\/noticia\/homem-e-detido-por-manter-a-mae-de-73-anos-sem-se-alimentar-por-muitos-dias-seguidos-679a6772ecd40\">Source link <\/a><\/p>","protected":false},"excerpt":{"rendered":"<p>Um homem de 42 anos foi preso pelos crimes de maus-tratos, abandono material e explora\u00e7\u00e3o financeira contra a m\u00e3e de 73 anos. A deten\u00e7\u00e3o foi feita pela Pol\u00edcia Civil de&hellip;<\/p>","protected":false},"author":1,"featured_media":97130,"comment_status":"closed","ping_status":"open","sticky":false,"template":"","format":"standard","meta":{"content-type":"","footnotes":""},"categories":[16],"tags":[123,2448,5313,1267],"class_list":["post-97129","post","type-post","status-publish","format-standard","has-post-thumbnail","hentry","category-noticias","tag-brasil","tag-diario","tag-noticia","tag-noticias"],"_links":{"self":[{"href":"https:\/\/tvbrazilusa.com\/pt\/wp-json\/wp\/v2\/posts\/97129","targetHints":{"allow":["GET"]}}],"collection":[{"href":"https:\/\/tvbrazilusa.com\/pt\/wp-json\/wp\/v2\/posts"}],"about":[{"href":"https:\/\/tvbrazilusa.com\/pt\/wp-json\/wp\/v2\/types\/post"}],"author":[{"embeddable":true,"href":"https:\/\/tvbrazilusa.com\/pt\/wp-json\/wp\/v2\/users\/1"}],"replies":[{"embeddable":true,"href":"https:\/\/tvbrazilusa.com\/pt\/wp-json\/wp\/v2\/comments?post=97129"}],"version-history":[{"count":1,"href":"https:\/\/tvbrazilusa.com\/pt\/wp-json\/wp\/v2\/posts\/97129\/revisions"}],"predecessor-version":[{"id":97131,"href":"https:\/\/tvbrazilusa.com\/pt\/wp-json\/wp\/v2\/posts\/97129\/revisions\/97131"}],"wp:featuredmedia":[{"embeddable":true,"href":"https:\/\/tvbrazilusa.com\/pt\/wp-json\/wp\/v2\/media\/97130"}],"wp:attachment":[{"href":"https:\/\/tvbrazilusa.com\/pt\/wp-json\/wp\/v2\/media?parent=97129"}],"wp:term":[{"taxonomy":"category","embeddable":true,"href":"https:\/\/tvbrazilusa.com\/pt\/wp-json\/wp\/v2\/categories?post=97129"},{"taxonomy":"post_tag","embeddable":true,"href":"https:\/\/tvbrazilusa.com\/pt\/wp-json\/wp\/v2\/tags?post=97129"}],"curies":[{"name":"wp","href":"https:\/\/api.w.org\/{rel}","templated":true}]}}